{"id":7038,"date":"2017-07-21T11:44:00","date_gmt":"2017-07-21T11:44:00","guid":{"rendered":"http:\/\/staging.ibermusicas.org\/?p=7038"},"modified":"2021-06-14T11:45:23","modified_gmt":"2021-06-14T11:45:23","slug":"la-compositora-mexicana-alejandra-hernandez-inicia-su-residencia-en-el-centro-mexicano-para-la-musica-y-las-artes-sonoras-cmmas-con-el-fin-de-crear-y-estrenar-su-obra-oscuros","status":"publish","type":"post","link":"http:\/\/staging.ibermusicas.org\/index.php\/la-compositora-mexicana-alejandra-hernandez-inicia-su-residencia-en-el-centro-mexicano-para-la-musica-y-las-artes-sonoras-cmmas-con-el-fin-de-crear-y-estrenar-su-obra-oscuros\/","title":{"rendered":"La compositora mexicana Alejandra Hern\u00e1ndez inicia su residencia en el Centro Mexicano para la M\u00fasica y las Artes Sonoras CMMAS con el fin de crear y estrenar su obra Oscuros"},"content":{"rendered":"<p><span data-sheets-value=\"{&quot;1&quot;:2,&quot;2&quot;:&quot;Alejandra Hern\u00e1ndez inicia en agosto su residencia de tres meses en el CMMAS que concluir\u00e1 el 9 de noviembre con la presentaci\u00f3n de la obra en el auditorio del mismo Centro en Morelia, Michoac\u00e1n.&quot;}\" data-sheets-userformat=\"{&quot;2&quot;:515,&quot;3&quot;:{&quot;1&quot;:0},&quot;4&quot;:{&quot;1&quot;:2,&quot;2&quot;:13822754},&quot;12&quot;:0}\">Alejandra Hern\u00e1ndez inicia en agosto su residencia de tres meses en el CMMAS que concluir\u00e1 el 9 de noviembre con la presentaci\u00f3n de la obra en el auditorio del mismo Centro en Morelia, Michoac\u00e1n.<\/span><\/p>\n","protected":false},"excerpt":{"rendered":"<p>Alejandra Hern\u00e1ndez inicia en agosto su residencia de tres meses en el CMMAS que concluir\u00e1 el 9 de noviembre con la presentaci\u00f3n de la obra en el auditorio del mismo Centro en Morelia, Michoac\u00e1n.<\/p>\n","protected":false},"author":1,"featured_media":7039,"comment_status":"closed","ping_status":"closed","sticky":false,"template":"","format":"standard","meta":{"footnotes":""},"categories":[53],"tags":[],"class_list":["post-7038","post","type-post","status-publish","format-standard","has-post-thumbnail","hentry","category-noticias-generales"],"lang":"es","translations":{"es":7038},"pll_sync_post":[],"post_mailing_queue_ids":[],"_links":{"self":[{"href":"http:\/\/staging.ibermusicas.org\/index.php\/wp-json\/wp\/v2\/posts\/7038","targetHints":{"allow":["GET"]}}],"collection":[{"href":"http:\/\/staging.ibermusicas.org\/index.php\/wp-json\/wp\/v2\/posts"}],"about":[{"href":"http:\/\/staging.ibermusicas.org\/index.php\/wp-json\/wp\/v2\/types\/post"}],"author":[{"embeddable":true,"href":"http:\/\/staging.ibermusicas.org\/index.php\/wp-json\/wp\/v2\/users\/1"}],"replies":[{"embeddable":true,"href":"http:\/\/staging.ibermusicas.org\/index.php\/wp-json\/wp\/v2\/comments?post=7038"}],"version-history":[{"count":1,"href":"http:\/\/staging.ibermusicas.org\/index.php\/wp-json\/wp\/v2\/posts\/7038\/revisions"}],"predecessor-version":[{"id":7040,"href":"http:\/\/staging.ibermusicas.org\/index.php\/wp-json\/wp\/v2\/posts\/7038\/revisions\/7040"}],"wp:featuredmedia":[{"embeddable":true,"href":"http:\/\/staging.ibermusicas.org\/index.php\/wp-json\/wp\/v2\/media\/7039"}],"wp:attachment":[{"href":"http:\/\/staging.ibermusicas.org\/index.php\/wp-json\/wp\/v2\/media?parent=7038"}],"wp:term":[{"taxonomy":"category","embeddable":true,"href":"http:\/\/staging.ibermusicas.org\/index.php\/wp-json\/wp\/v2\/categories?post=7038"},{"taxonomy":"post_tag","embeddable":true,"href":"http:\/\/staging.ibermusicas.org\/index.php\/wp-json\/wp\/v2\/tags?post=7038"}],"curies":[{"name":"wp","href":"https:\/\/api.w.org\/{rel}","templated":true}]}}