{"id":7051,"date":"2017-09-01T12:04:34","date_gmt":"2017-09-01T12:04:34","guid":{"rendered":"http:\/\/staging.ibermusicas.org\/?p=7051"},"modified":"2021-06-14T12:06:09","modified_gmt":"2021-06-14T12:06:09","slug":"el-renombrado-trio-aura-de-argentina-sera-parte-de-la-programacion-del-bolivia-festijazz-internacional","status":"publish","type":"post","link":"http:\/\/staging.ibermusicas.org\/index.php\/el-renombrado-trio-aura-de-argentina-sera-parte-de-la-programacion-del-bolivia-festijazz-internacional\/","title":{"rendered":"El renombrado tr\u00edo Aura! de Argentina ser\u00e1 parte de la programaci\u00f3n del Bolivia Festijazz Internacional"},"content":{"rendered":"<p>Desde su formaci\u00f3n en 2013, el tr\u00edo Aura!, integrado por el pianista y compositor Popi Spatocco, el contrabajista Ricardo C\u00e1nepa y el percusionista Facundo Guevara, se ha convertido r\u00e1pidamente en un reconocido y valorado exponente de la m\u00fasica instrumental argentina y latinoamericana.<\/p>\n","protected":false},"excerpt":{"rendered":"<p>Desde su formaci\u00f3n en 2013, el tr\u00edo Aura!, integrado por el pianista y compositor Popi Spatocco, el contrabajista Ricardo C\u00e1nepa y el percusionista Facundo Guevara, se ha convertido r\u00e1pidamente en un reconocido y valorado exponente de la m\u00fasica instrumental argentina y latinoamericana.<\/p>\n","protected":false},"author":1,"featured_media":7052,"comment_status":"closed","ping_status":"closed","sticky":false,"template":"","format":"standard","meta":{"footnotes":""},"categories":[53],"tags":[],"class_list":["post-7051","post","type-post","status-publish","format-standard","has-post-thumbnail","hentry","category-noticias-generales"],"lang":"es","translations":{"es":7051},"pll_sync_post":[],"post_mailing_queue_ids":[],"_links":{"self":[{"href":"http:\/\/staging.ibermusicas.org\/index.php\/wp-json\/wp\/v2\/posts\/7051","targetHints":{"allow":["GET"]}}],"collection":[{"href":"http:\/\/staging.ibermusicas.org\/index.php\/wp-json\/wp\/v2\/posts"}],"about":[{"href":"http:\/\/staging.ibermusicas.org\/index.php\/wp-json\/wp\/v2\/types\/post"}],"author":[{"embeddable":true,"href":"http:\/\/staging.ibermusicas.org\/index.php\/wp-json\/wp\/v2\/users\/1"}],"replies":[{"embeddable":true,"href":"http:\/\/staging.ibermusicas.org\/index.php\/wp-json\/wp\/v2\/comments?post=7051"}],"version-history":[{"count":1,"href":"http:\/\/staging.ibermusicas.org\/index.php\/wp-json\/wp\/v2\/posts\/7051\/revisions"}],"predecessor-version":[{"id":7053,"href":"http:\/\/staging.ibermusicas.org\/index.php\/wp-json\/wp\/v2\/posts\/7051\/revisions\/7053"}],"wp:featuredmedia":[{"embeddable":true,"href":"http:\/\/staging.ibermusicas.org\/index.php\/wp-json\/wp\/v2\/media\/7052"}],"wp:attachment":[{"href":"http:\/\/staging.ibermusicas.org\/index.php\/wp-json\/wp\/v2\/media?parent=7051"}],"wp:term":[{"taxonomy":"category","embeddable":true,"href":"http:\/\/staging.ibermusicas.org\/index.php\/wp-json\/wp\/v2\/categories?post=7051"},{"taxonomy":"post_tag","embeddable":true,"href":"http:\/\/staging.ibermusicas.org\/index.php\/wp-json\/wp\/v2\/tags?post=7051"}],"curies":[{"name":"wp","href":"https:\/\/api.w.org\/{rel}","templated":true}]}}