{"id":7071,"date":"2017-09-10T12:23:14","date_gmt":"2017-09-10T12:23:14","guid":{"rendered":"http:\/\/staging.ibermusicas.org\/?p=7071"},"modified":"2021-06-14T12:24:56","modified_gmt":"2021-06-14T12:24:56","slug":"se-realizara-en-montevideo-uruguay-el-ii-encuentro-internacional-de-grupos-de-flauta-dulce-con-la-presencia-entre-otras-agrupaciones-de-ventus-ad-libitum-de-chile","status":"publish","type":"post","link":"http:\/\/staging.ibermusicas.org\/index.php\/se-realizara-en-montevideo-uruguay-el-ii-encuentro-internacional-de-grupos-de-flauta-dulce-con-la-presencia-entre-otras-agrupaciones-de-ventus-ad-libitum-de-chile\/","title":{"rendered":"Se realizar\u00e1 en Montevideo, Uruguay el II Encuentro Internacional de Grupos de Flauta Dulce con la presencia, entre otras agrupaciones, de Ventus ad Libitum de Chile"},"content":{"rendered":"<p><span data-sheets-value=\"{&quot;1&quot;:2,&quot;2&quot;:&quot;El Encuentro Internacional de Grupos de Flauta Dulce de Uruguay cumple su segunda edici\u00f3n. Este a\u00f1o el festival contar\u00e1 con la presencia del grupo Flautarium (Porto Alegre), San Felipe y Santiago (Montevideo), AlSur (Montevideo), Camerata Montevideo, Ventus ad Libitum (Chile) adem\u00e1s de m\u00e1s de 20 solistas de la regi\u00f3n. Se realizar\u00e1 una intensa agenda de conciertos, conferencias y talleres.\\r \\r &quot;}\" data-sheets-userformat=\"{&quot;2&quot;:513,&quot;3&quot;:{&quot;1&quot;:0},&quot;12&quot;:0}\">El Encuentro Internacional de Grupos de Flauta Dulce de Uruguay cumple su segunda edici\u00f3n. Este a\u00f1o el festival contar\u00e1 con la presencia del grupo Flautarium (Porto Alegre), San Felipe y Santiago (Montevideo), AlSur (Montevideo), Camerata Montevideo, Ventus ad Libitum (Chile) adem\u00e1s de m\u00e1s de 20 solistas de la regi\u00f3n. Se realizar\u00e1 una intensa agenda de conciertos, conferencias y talleres. <\/span><\/p>\n","protected":false},"excerpt":{"rendered":"<p>El Encuentro Internacional de Grupos de Flauta Dulce de Uruguay cumple su segunda edici\u00f3n. Este a\u00f1o el festival contar\u00e1 con la presencia del grupo Flautarium (Porto Alegre), San Felipe y Santiago (Montevideo), AlSur (Montevideo), Camerata Montevideo, Ventus ad Libitum (Chile) adem\u00e1s de m\u00e1s de 20 solistas de la regi\u00f3n. Se realizar\u00e1 una intensa agenda de [&hellip;]<\/p>\n","protected":false},"author":1,"featured_media":7072,"comment_status":"closed","ping_status":"closed","sticky":false,"template":"","format":"standard","meta":{"footnotes":""},"categories":[53],"tags":[],"class_list":["post-7071","post","type-post","status-publish","format-standard","has-post-thumbnail","hentry","category-noticias-generales"],"lang":"es","translations":{"es":7071},"pll_sync_post":[],"post_mailing_queue_ids":[],"_links":{"self":[{"href":"http:\/\/staging.ibermusicas.org\/index.php\/wp-json\/wp\/v2\/posts\/7071","targetHints":{"allow":["GET"]}}],"collection":[{"href":"http:\/\/staging.ibermusicas.org\/index.php\/wp-json\/wp\/v2\/posts"}],"about":[{"href":"http:\/\/staging.ibermusicas.org\/index.php\/wp-json\/wp\/v2\/types\/post"}],"author":[{"embeddable":true,"href":"http:\/\/staging.ibermusicas.org\/index.php\/wp-json\/wp\/v2\/users\/1"}],"replies":[{"embeddable":true,"href":"http:\/\/staging.ibermusicas.org\/index.php\/wp-json\/wp\/v2\/comments?post=7071"}],"version-history":[{"count":1,"href":"http:\/\/staging.ibermusicas.org\/index.php\/wp-json\/wp\/v2\/posts\/7071\/revisions"}],"predecessor-version":[{"id":7073,"href":"http:\/\/staging.ibermusicas.org\/index.php\/wp-json\/wp\/v2\/posts\/7071\/revisions\/7073"}],"wp:featuredmedia":[{"embeddable":true,"href":"http:\/\/staging.ibermusicas.org\/index.php\/wp-json\/wp\/v2\/media\/7072"}],"wp:attachment":[{"href":"http:\/\/staging.ibermusicas.org\/index.php\/wp-json\/wp\/v2\/media?parent=7071"}],"wp:term":[{"taxonomy":"category","embeddable":true,"href":"http:\/\/staging.ibermusicas.org\/index.php\/wp-json\/wp\/v2\/categories?post=7071"},{"taxonomy":"post_tag","embeddable":true,"href":"http:\/\/staging.ibermusicas.org\/index.php\/wp-json\/wp\/v2\/tags?post=7071"}],"curies":[{"name":"wp","href":"https:\/\/api.w.org\/{rel}","templated":true}]}}