{"id":7074,"date":"2017-08-30T12:48:04","date_gmt":"2017-08-30T12:48:04","guid":{"rendered":"http:\/\/staging.ibermusicas.org\/?p=7074"},"modified":"2021-06-14T12:50:51","modified_gmt":"2021-06-14T12:50:51","slug":"el-compositor-argentino-martin-sosa-presenta-su-cd-lo-mejor-de-cada-casa-en-el-xvi-festival-internacional-de-artes-de-armenia-colombia-organizado-por-el-grupo-teatro-azul","status":"publish","type":"post","link":"http:\/\/staging.ibermusicas.org\/index.php\/el-compositor-argentino-martin-sosa-presenta-su-cd-lo-mejor-de-cada-casa-en-el-xvi-festival-internacional-de-artes-de-armenia-colombia-organizado-por-el-grupo-teatro-azul\/","title":{"rendered":"El compositor argentino Mart\u00edn Sosa presenta su CD \u201cLo mejor de cada casa\u201d en el XVI Festival Internacional de Artes de Armenia, Colombia organizado por el grupo Teatro Azul"},"content":{"rendered":"<p><span data-sheets-value=\"{&quot;1&quot;:2,&quot;2&quot;:&quot;Desde el llano litorale\u00f1o de la Argentina, de la ciudad de Santa Fe nace la m\u00fasica de Martin Sosa. Su propuesta est\u00e1 centrada en la composici\u00f3n de canciones propias en las que intervienen diversidad de g\u00e9neros y estilos sin desentenderse de la ra\u00edz argentina y latinoamericana. \\r &quot;}\" data-sheets-userformat=\"{&quot;2&quot;:513,&quot;3&quot;:{&quot;1&quot;:0},&quot;12&quot;:0}\">Desde el llano litorale\u00f1o de la Argentina, de la ciudad de Santa Fe nace la m\u00fasica de Martin Sosa. Su propuesta est\u00e1 centrada en la composici\u00f3n de canciones propias en las que intervienen diversidad de g\u00e9neros y estilos sin desentenderse de la ra\u00edz argentina y latinoamericana. <\/span><\/p>\n","protected":false},"excerpt":{"rendered":"<p>Desde el llano litorale\u00f1o de la Argentina, de la ciudad de Santa Fe nace la m\u00fasica de Martin Sosa. Su propuesta est\u00e1 centrada en la composici\u00f3n de canciones propias en las que intervienen diversidad de g\u00e9neros y estilos sin desentenderse de la ra\u00edz argentina y latinoamericana.<\/p>\n","protected":false},"author":1,"featured_media":7075,"comment_status":"closed","ping_status":"closed","sticky":false,"template":"","format":"standard","meta":{"footnotes":""},"categories":[53],"tags":[],"class_list":["post-7074","post","type-post","status-publish","format-standard","has-post-thumbnail","hentry","category-noticias-generales"],"lang":"es","translations":{"es":7074},"pll_sync_post":[],"post_mailing_queue_ids":[],"_links":{"self":[{"href":"http:\/\/staging.ibermusicas.org\/index.php\/wp-json\/wp\/v2\/posts\/7074","targetHints":{"allow":["GET"]}}],"collection":[{"href":"http:\/\/staging.ibermusicas.org\/index.php\/wp-json\/wp\/v2\/posts"}],"about":[{"href":"http:\/\/staging.ibermusicas.org\/index.php\/wp-json\/wp\/v2\/types\/post"}],"author":[{"embeddable":true,"href":"http:\/\/staging.ibermusicas.org\/index.php\/wp-json\/wp\/v2\/users\/1"}],"replies":[{"embeddable":true,"href":"http:\/\/staging.ibermusicas.org\/index.php\/wp-json\/wp\/v2\/comments?post=7074"}],"version-history":[{"count":1,"href":"http:\/\/staging.ibermusicas.org\/index.php\/wp-json\/wp\/v2\/posts\/7074\/revisions"}],"predecessor-version":[{"id":7076,"href":"http:\/\/staging.ibermusicas.org\/index.php\/wp-json\/wp\/v2\/posts\/7074\/revisions\/7076"}],"wp:featuredmedia":[{"embeddable":true,"href":"http:\/\/staging.ibermusicas.org\/index.php\/wp-json\/wp\/v2\/media\/7075"}],"wp:attachment":[{"href":"http:\/\/staging.ibermusicas.org\/index.php\/wp-json\/wp\/v2\/media?parent=7074"}],"wp:term":[{"taxonomy":"category","embeddable":true,"href":"http:\/\/staging.ibermusicas.org\/index.php\/wp-json\/wp\/v2\/categories?post=7074"},{"taxonomy":"post_tag","embeddable":true,"href":"http:\/\/staging.ibermusicas.org\/index.php\/wp-json\/wp\/v2\/tags?post=7074"}],"curies":[{"name":"wp","href":"https:\/\/api.w.org\/{rel}","templated":true}]}}