{"id":7080,"date":"2017-09-02T12:54:53","date_gmt":"2017-09-02T12:54:53","guid":{"rendered":"http:\/\/staging.ibermusicas.org\/?p=7080"},"modified":"2021-06-14T12:57:42","modified_gmt":"2021-06-14T12:57:42","slug":"la-cantautora-uruguaya-luciana-mocchi-viaja-a-mexico-a-realizar-su-gira-videotour-2017","status":"publish","type":"post","link":"http:\/\/staging.ibermusicas.org\/index.php\/la-cantautora-uruguaya-luciana-mocchi-viaja-a-mexico-a-realizar-su-gira-videotour-2017\/","title":{"rendered":"La cantautora Uruguaya Luciana Mocchi viaja a M\u00e9xico a realizar su gira Videotour 2017"},"content":{"rendered":"<p><span data-sheets-value=\"{&quot;1&quot;:2,&quot;2&quot;:&quot;Luciana Mocchi se presenta as\u00ed: \u201cSoy una cancionista y cineasta independiente nacida en Montevideo ... gracias a la m\u00fasica tengo la oportunidad de vivir viajando junto a la banda que me acompa\u00f1a desde hace m\u00e1s de diez a\u00f1os... mis canciones tienen una ra\u00edz folcl\u00f3rica, rioplatense, con matices de punk, rock, pop y generos de mis tierras como el tango, la milonga, la murga y el candombe\u201d.&quot;}\" data-sheets-userformat=\"{&quot;2&quot;:513,&quot;3&quot;:{&quot;1&quot;:0},&quot;12&quot;:0}\">Luciana Mocchi se presenta as\u00ed: \u201cSoy una cancionista y cineasta independiente nacida en Montevideo &#8230; gracias a la m\u00fasica tengo la oportunidad de vivir viajando junto a la banda que me acompa\u00f1a desde hace m\u00e1s de diez a\u00f1os&#8230; mis canciones tienen una ra\u00edz folcl\u00f3rica, rioplatense, con matices de punk, rock, pop y g\u00e9neros de mis tierras como el tango, la milonga, la murga y el candombe\u201d.<\/span><\/p>\n","protected":false},"excerpt":{"rendered":"<p>Luciana Mocchi se presenta as\u00ed: \u201cSoy una cancionista y cineasta independiente nacida en Montevideo &#8230; gracias a la m\u00fasica tengo la oportunidad de vivir viajando junto a la banda que me acompa\u00f1a desde hace m\u00e1s de diez a\u00f1os&#8230; mis canciones tienen una ra\u00edz folcl\u00f3rica, rioplatense, con matices de punk, rock, pop y g\u00e9neros de mis [&hellip;]<\/p>\n","protected":false},"author":1,"featured_media":7081,"comment_status":"closed","ping_status":"closed","sticky":false,"template":"","format":"standard","meta":{"footnotes":""},"categories":[53],"tags":[],"class_list":["post-7080","post","type-post","status-publish","format-standard","has-post-thumbnail","hentry","category-noticias-generales"],"lang":"es","translations":{"es":7080},"pll_sync_post":[],"post_mailing_queue_ids":[],"_links":{"self":[{"href":"http:\/\/staging.ibermusicas.org\/index.php\/wp-json\/wp\/v2\/posts\/7080","targetHints":{"allow":["GET"]}}],"collection":[{"href":"http:\/\/staging.ibermusicas.org\/index.php\/wp-json\/wp\/v2\/posts"}],"about":[{"href":"http:\/\/staging.ibermusicas.org\/index.php\/wp-json\/wp\/v2\/types\/post"}],"author":[{"embeddable":true,"href":"http:\/\/staging.ibermusicas.org\/index.php\/wp-json\/wp\/v2\/users\/1"}],"replies":[{"embeddable":true,"href":"http:\/\/staging.ibermusicas.org\/index.php\/wp-json\/wp\/v2\/comments?post=7080"}],"version-history":[{"count":1,"href":"http:\/\/staging.ibermusicas.org\/index.php\/wp-json\/wp\/v2\/posts\/7080\/revisions"}],"predecessor-version":[{"id":7082,"href":"http:\/\/staging.ibermusicas.org\/index.php\/wp-json\/wp\/v2\/posts\/7080\/revisions\/7082"}],"wp:featuredmedia":[{"embeddable":true,"href":"http:\/\/staging.ibermusicas.org\/index.php\/wp-json\/wp\/v2\/media\/7081"}],"wp:attachment":[{"href":"http:\/\/staging.ibermusicas.org\/index.php\/wp-json\/wp\/v2\/media?parent=7080"}],"wp:term":[{"taxonomy":"category","embeddable":true,"href":"http:\/\/staging.ibermusicas.org\/index.php\/wp-json\/wp\/v2\/categories?post=7080"},{"taxonomy":"post_tag","embeddable":true,"href":"http:\/\/staging.ibermusicas.org\/index.php\/wp-json\/wp\/v2\/tags?post=7080"}],"curies":[{"name":"wp","href":"https:\/\/api.w.org\/{rel}","templated":true}]}}