{"id":7106,"date":"2017-08-17T22:40:34","date_gmt":"2017-08-17T22:40:34","guid":{"rendered":"http:\/\/staging.ibermusicas.org\/?p=7106"},"modified":"2021-06-17T22:44:51","modified_gmt":"2021-06-17T22:44:51","slug":"la-agrupacion-mexicana-la-mixantena-de-santa-cecilia-lleva-su-idea-musical-con-vision-de-lucha-a-diversos-escenarios-de-la-argentina-chile-y-uruguay","status":"publish","type":"post","link":"http:\/\/staging.ibermusicas.org\/index.php\/la-agrupacion-mexicana-la-mixantena-de-santa-cecilia-lleva-su-idea-musical-con-vision-de-lucha-a-diversos-escenarios-de-la-argentina-chile-y-uruguay\/","title":{"rendered":"La agrupaci\u00f3n mexicana La Mixante\u00f1a de Santa Cecilia lleva su idea musical con visi\u00f3n de lucha a diversos escenarios de la Argentina, Chile y Uruguay"},"content":{"rendered":"<p><span data-sheets-value=\"{&quot;1&quot;:2,&quot;2&quot;:&quot;Con su reperotorio de chilenas y sones guerrerenses, la banda de alientos La Mixante\u00f1a de Santa Cecilia preserva el sonido de las bandas de alientos guerrerenses. &quot;}\" data-sheets-userformat=\"{&quot;2&quot;:513,&quot;3&quot;:{&quot;1&quot;:0},&quot;12&quot;:0}\">Con su reperotorio de chilenas y sones guerrerenses, la banda de alientos La Mixante\u00f1a de Santa Cecilia preserva el sonido de las bandas de alientos guerrerenses. <\/span><\/p>\n","protected":false},"excerpt":{"rendered":"<p>Con su reperotorio de chilenas y sones guerrerenses, la banda de alientos La Mixante\u00f1a de Santa Cecilia preserva el sonido de las bandas de alientos guerrerenses.<\/p>\n","protected":false},"author":1,"featured_media":7107,"comment_status":"closed","ping_status":"closed","sticky":false,"template":"","format":"standard","meta":{"footnotes":""},"categories":[53],"tags":[],"class_list":["post-7106","post","type-post","status-publish","format-standard","has-post-thumbnail","hentry","category-noticias-generales"],"lang":"es","translations":{"es":7106},"pll_sync_post":[],"post_mailing_queue_ids":[],"_links":{"self":[{"href":"http:\/\/staging.ibermusicas.org\/index.php\/wp-json\/wp\/v2\/posts\/7106","targetHints":{"allow":["GET"]}}],"collection":[{"href":"http:\/\/staging.ibermusicas.org\/index.php\/wp-json\/wp\/v2\/posts"}],"about":[{"href":"http:\/\/staging.ibermusicas.org\/index.php\/wp-json\/wp\/v2\/types\/post"}],"author":[{"embeddable":true,"href":"http:\/\/staging.ibermusicas.org\/index.php\/wp-json\/wp\/v2\/users\/1"}],"replies":[{"embeddable":true,"href":"http:\/\/staging.ibermusicas.org\/index.php\/wp-json\/wp\/v2\/comments?post=7106"}],"version-history":[{"count":1,"href":"http:\/\/staging.ibermusicas.org\/index.php\/wp-json\/wp\/v2\/posts\/7106\/revisions"}],"predecessor-version":[{"id":7108,"href":"http:\/\/staging.ibermusicas.org\/index.php\/wp-json\/wp\/v2\/posts\/7106\/revisions\/7108"}],"wp:featuredmedia":[{"embeddable":true,"href":"http:\/\/staging.ibermusicas.org\/index.php\/wp-json\/wp\/v2\/media\/7107"}],"wp:attachment":[{"href":"http:\/\/staging.ibermusicas.org\/index.php\/wp-json\/wp\/v2\/media?parent=7106"}],"wp:term":[{"taxonomy":"category","embeddable":true,"href":"http:\/\/staging.ibermusicas.org\/index.php\/wp-json\/wp\/v2\/categories?post=7106"},{"taxonomy":"post_tag","embeddable":true,"href":"http:\/\/staging.ibermusicas.org\/index.php\/wp-json\/wp\/v2\/tags?post=7106"}],"curies":[{"name":"wp","href":"https:\/\/api.w.org\/{rel}","templated":true}]}}