{"id":7109,"date":"2017-09-05T22:45:17","date_gmt":"2017-09-05T22:45:17","guid":{"rendered":"http:\/\/staging.ibermusicas.org\/?p=7109"},"modified":"2021-06-17T22:46:38","modified_gmt":"2021-06-17T22:46:38","slug":"se-estrena-en-mexico-la-obra-ganadora-del-2-concurso-iberoamericano-de-composicion-para-orquesta-sinfonica-ibermusicas","status":"publish","type":"post","link":"http:\/\/staging.ibermusicas.org\/index.php\/se-estrena-en-mexico-la-obra-ganadora-del-2-concurso-iberoamericano-de-composicion-para-orquesta-sinfonica-ibermusicas\/","title":{"rendered":"Se estrena en M\u00e9xico la obra ganadora del 2\u00b0 Concurso Iberoamericano de Composici\u00f3n para Orquesta Sinf\u00f3nica Iberm\u00fasicas"},"content":{"rendered":"<p><span data-sheets-value=\"{&quot;1&quot;:2,&quot;2&quot;:&quot;Se trata de la obra \u201cSous les Cieux\u201d, del compositor mexicano David Hern\u00e1ndez Ramos. Ser\u00e1 el concierto inaugural del XXXIX Foro Internacional de M\u00fasica Nueva Manuel Enr\u00edquez que organiza el Instituto Nacional de Bellas Artes, siendo el Director Art\u00edstico del mismo el Mtro. Jos\u00e9 Julio D\u00edaz Infante.&quot;}\" data-sheets-userformat=\"{&quot;2&quot;:513,&quot;3&quot;:{&quot;1&quot;:0},&quot;12&quot;:0}\">Se trata de la obra \u201cSous les Cieux\u201d, del compositor mexicano David Hern\u00e1ndez Ramos. Ser\u00e1 el concierto inaugural del XXXIX Foro Internacional de M\u00fasica Nueva Manuel Enr\u00edquez que organiza el Instituto Nacional de Bellas Artes, siendo el Director Art\u00edstico del mismo el Mtro. Jos\u00e9 Julio D\u00edaz Infante.<\/span><\/p>\n","protected":false},"excerpt":{"rendered":"<p>Se trata de la obra \u201cSous les Cieux\u201d, del compositor mexicano David Hern\u00e1ndez Ramos. Ser\u00e1 el concierto inaugural del XXXIX Foro Internacional de M\u00fasica Nueva Manuel Enr\u00edquez que organiza el Instituto Nacional de Bellas Artes, siendo el Director Art\u00edstico del mismo el Mtro. Jos\u00e9 Julio D\u00edaz Infante.<\/p>\n","protected":false},"author":1,"featured_media":7110,"comment_status":"closed","ping_status":"closed","sticky":false,"template":"","format":"standard","meta":{"footnotes":""},"categories":[53],"tags":[],"class_list":["post-7109","post","type-post","status-publish","format-standard","has-post-thumbnail","hentry","category-noticias-generales"],"lang":"es","translations":{"es":7109},"pll_sync_post":[],"post_mailing_queue_ids":[],"_links":{"self":[{"href":"http:\/\/staging.ibermusicas.org\/index.php\/wp-json\/wp\/v2\/posts\/7109","targetHints":{"allow":["GET"]}}],"collection":[{"href":"http:\/\/staging.ibermusicas.org\/index.php\/wp-json\/wp\/v2\/posts"}],"about":[{"href":"http:\/\/staging.ibermusicas.org\/index.php\/wp-json\/wp\/v2\/types\/post"}],"author":[{"embeddable":true,"href":"http:\/\/staging.ibermusicas.org\/index.php\/wp-json\/wp\/v2\/users\/1"}],"replies":[{"embeddable":true,"href":"http:\/\/staging.ibermusicas.org\/index.php\/wp-json\/wp\/v2\/comments?post=7109"}],"version-history":[{"count":1,"href":"http:\/\/staging.ibermusicas.org\/index.php\/wp-json\/wp\/v2\/posts\/7109\/revisions"}],"predecessor-version":[{"id":7111,"href":"http:\/\/staging.ibermusicas.org\/index.php\/wp-json\/wp\/v2\/posts\/7109\/revisions\/7111"}],"wp:featuredmedia":[{"embeddable":true,"href":"http:\/\/staging.ibermusicas.org\/index.php\/wp-json\/wp\/v2\/media\/7110"}],"wp:attachment":[{"href":"http:\/\/staging.ibermusicas.org\/index.php\/wp-json\/wp\/v2\/media?parent=7109"}],"wp:term":[{"taxonomy":"category","embeddable":true,"href":"http:\/\/staging.ibermusicas.org\/index.php\/wp-json\/wp\/v2\/categories?post=7109"},{"taxonomy":"post_tag","embeddable":true,"href":"http:\/\/staging.ibermusicas.org\/index.php\/wp-json\/wp\/v2\/tags?post=7109"}],"curies":[{"name":"wp","href":"https:\/\/api.w.org\/{rel}","templated":true}]}}