{"id":7112,"date":"2017-09-10T22:46:50","date_gmt":"2017-09-10T22:46:50","guid":{"rendered":"http:\/\/staging.ibermusicas.org\/?p=7112"},"modified":"2021-06-17T22:48:25","modified_gmt":"2021-06-17T22:48:25","slug":"el-cepromusic-realizo-un-concierto-con-la-participacion-de-jeremias-iturra-y-marcelo-toledo-ambos-beneficiario-de-ibermusicas","status":"publish","type":"post","link":"http:\/\/staging.ibermusicas.org\/index.php\/el-cepromusic-realizo-un-concierto-con-la-participacion-de-jeremias-iturra-y-marcelo-toledo-ambos-beneficiario-de-ibermusicas\/","title":{"rendered":"El CEPROMUSIC realiz\u00f3 un concierto con la participaci\u00f3n de Jerem\u00edas Iturra y Marcelo Toledo. ambos beneficiario de Iberm\u00fasicas"},"content":{"rendered":"<p><span data-sheets-value=\"{&quot;1&quot;:2,&quot;2&quot;:&quot;Bajo el t\u00edtulo \\&quot;Concierto Iberoam\u00e9rica 2017\\&quot;, el Ensamble del Centro de Experimentaci\u00f3n y Producci\u00f3n de M\u00fasica Contempor\u00e1nea (Cepromusic) ofreci\u00f3 el domingo 3 de septiembre a las 17:00 en la Sala Manuel M. Ponce del Palacio de Bellas Artes,\u00a0un panorama de la creaci\u00f3n musical contempor\u00e1nea de la regi\u00f3n con un programa que incluy\u00f3 obras de compositores de Espa\u00f1a, Argentina, M\u00e9xico, Colombia y Chile, bajo la direcci\u00f3n de su titular, Jos\u00e9 Luis Castillo.&quot;}\" data-sheets-userformat=\"{&quot;2&quot;:513,&quot;3&quot;:{&quot;1&quot;:0},&quot;12&quot;:0}\">Bajo el t\u00edtulo \u00abConcierto Iberoam\u00e9rica 2017\u00bb, el Ensamble del Centro de Experimentaci\u00f3n y Producci\u00f3n de M\u00fasica Contempor\u00e1nea (Cepromusic) ofreci\u00f3 el domingo 3 de septiembre a las 17:00 en la Sala Manuel M. Ponce del Palacio de Bellas Artes,\u00a0un panorama de la creaci\u00f3n musical contempor\u00e1nea de la regi\u00f3n con un programa que incluy\u00f3 obras de compositores de Espa\u00f1a, Argentina, M\u00e9xico, Colombia y Chile, bajo la direcci\u00f3n de su titular, Jos\u00e9 Luis Castillo.<\/span><\/p>\n","protected":false},"excerpt":{"rendered":"<p>Bajo el t\u00edtulo \u00abConcierto Iberoam\u00e9rica 2017\u00bb, el Ensamble del Centro de Experimentaci\u00f3n y Producci\u00f3n de M\u00fasica Contempor\u00e1nea (Cepromusic) ofreci\u00f3 el domingo 3 de septiembre a las 17:00 en la Sala Manuel M. Ponce del Palacio de Bellas Artes,\u00a0un panorama de la creaci\u00f3n musical contempor\u00e1nea de la regi\u00f3n con un programa que incluy\u00f3 obras de compositores [&hellip;]<\/p>\n","protected":false},"author":1,"featured_media":7113,"comment_status":"closed","ping_status":"closed","sticky":false,"template":"","format":"standard","meta":{"footnotes":""},"categories":[53],"tags":[],"class_list":["post-7112","post","type-post","status-publish","format-standard","has-post-thumbnail","hentry","category-noticias-generales"],"lang":"es","translations":{"es":7112},"pll_sync_post":[],"post_mailing_queue_ids":[],"_links":{"self":[{"href":"http:\/\/staging.ibermusicas.org\/index.php\/wp-json\/wp\/v2\/posts\/7112","targetHints":{"allow":["GET"]}}],"collection":[{"href":"http:\/\/staging.ibermusicas.org\/index.php\/wp-json\/wp\/v2\/posts"}],"about":[{"href":"http:\/\/staging.ibermusicas.org\/index.php\/wp-json\/wp\/v2\/types\/post"}],"author":[{"embeddable":true,"href":"http:\/\/staging.ibermusicas.org\/index.php\/wp-json\/wp\/v2\/users\/1"}],"replies":[{"embeddable":true,"href":"http:\/\/staging.ibermusicas.org\/index.php\/wp-json\/wp\/v2\/comments?post=7112"}],"version-history":[{"count":1,"href":"http:\/\/staging.ibermusicas.org\/index.php\/wp-json\/wp\/v2\/posts\/7112\/revisions"}],"predecessor-version":[{"id":7114,"href":"http:\/\/staging.ibermusicas.org\/index.php\/wp-json\/wp\/v2\/posts\/7112\/revisions\/7114"}],"wp:featuredmedia":[{"embeddable":true,"href":"http:\/\/staging.ibermusicas.org\/index.php\/wp-json\/wp\/v2\/media\/7113"}],"wp:attachment":[{"href":"http:\/\/staging.ibermusicas.org\/index.php\/wp-json\/wp\/v2\/media?parent=7112"}],"wp:term":[{"taxonomy":"category","embeddable":true,"href":"http:\/\/staging.ibermusicas.org\/index.php\/wp-json\/wp\/v2\/categories?post=7112"},{"taxonomy":"post_tag","embeddable":true,"href":"http:\/\/staging.ibermusicas.org\/index.php\/wp-json\/wp\/v2\/tags?post=7112"}],"curies":[{"name":"wp","href":"https:\/\/api.w.org\/{rel}","templated":true}]}}