{"id":7115,"date":"2017-09-15T22:48:47","date_gmt":"2017-09-15T22:48:47","guid":{"rendered":"http:\/\/staging.ibermusicas.org\/?p=7115"},"modified":"2021-06-17T22:50:55","modified_gmt":"2021-06-17T22:50:55","slug":"alejandro-falcon-y-cubadentro-realizara-el-concierto-de-clausura-en-el-vi-festival-internacional-muchas-musicas-de-argentina","status":"publish","type":"post","link":"http:\/\/staging.ibermusicas.org\/index.php\/alejandro-falcon-y-cubadentro-realizara-el-concierto-de-clausura-en-el-vi-festival-internacional-muchas-musicas-de-argentina\/","title":{"rendered":"Alejandro Falc\u00f3n y Cubadentro realizar\u00e1 el concierto de clausura en el VI Festival Internacional Muchas M\u00fasicas de Argentina"},"content":{"rendered":"<p><span data-sheets-value=\"{&quot;1&quot;:2,&quot;2&quot;:&quot;Alejandro Falc\u00f3n y Cubadentro ha sido beneficiario del Programa IBERM\u00daSICAS para su participaci\u00f3n en el Festival Internacional Muchas M\u00fasicas que tendr\u00e1 lugar entre el 26 y el 30 de septiembre  en la Universidad Nacional de Quilmes. El concierto  de Falc\u00f3n servir\u00e1 para celebrar la jornada de Cultura Cubana en Argentina.&quot;}\" data-sheets-userformat=\"{&quot;2&quot;:515,&quot;3&quot;:{&quot;1&quot;:0},&quot;4&quot;:{&quot;1&quot;:2,&quot;2&quot;:13822754},&quot;12&quot;:0}\">Alejandro Falc\u00f3n y Cubadentro ha sido beneficiario del Programa IBERM\u00daSICAS para su participaci\u00f3n en el Festival Internacional Muchas M\u00fasicas que tendr\u00e1 lugar entre el 26 y el 30 de septiembre en la Universidad Nacional de Quilmes. El concierto de Falc\u00f3n servir\u00e1 para celebrar la jornada de Cultura Cubana en Argentina.<\/span><\/p>\n","protected":false},"excerpt":{"rendered":"<p>Alejandro Falc\u00f3n y Cubadentro ha sido beneficiario del Programa IBERM\u00daSICAS para su participaci\u00f3n en el Festival Internacional Muchas M\u00fasicas que tendr\u00e1 lugar entre el 26 y el 30 de septiembre en la Universidad Nacional de Quilmes. El concierto de Falc\u00f3n servir\u00e1 para celebrar la jornada de Cultura Cubana en Argentina.<\/p>\n","protected":false},"author":1,"featured_media":7116,"comment_status":"closed","ping_status":"closed","sticky":false,"template":"","format":"standard","meta":{"footnotes":""},"categories":[53],"tags":[],"class_list":["post-7115","post","type-post","status-publish","format-standard","has-post-thumbnail","hentry","category-noticias-generales"],"lang":"es","translations":{"es":7115},"pll_sync_post":[],"post_mailing_queue_ids":[],"_links":{"self":[{"href":"http:\/\/staging.ibermusicas.org\/index.php\/wp-json\/wp\/v2\/posts\/7115","targetHints":{"allow":["GET"]}}],"collection":[{"href":"http:\/\/staging.ibermusicas.org\/index.php\/wp-json\/wp\/v2\/posts"}],"about":[{"href":"http:\/\/staging.ibermusicas.org\/index.php\/wp-json\/wp\/v2\/types\/post"}],"author":[{"embeddable":true,"href":"http:\/\/staging.ibermusicas.org\/index.php\/wp-json\/wp\/v2\/users\/1"}],"replies":[{"embeddable":true,"href":"http:\/\/staging.ibermusicas.org\/index.php\/wp-json\/wp\/v2\/comments?post=7115"}],"version-history":[{"count":1,"href":"http:\/\/staging.ibermusicas.org\/index.php\/wp-json\/wp\/v2\/posts\/7115\/revisions"}],"predecessor-version":[{"id":7117,"href":"http:\/\/staging.ibermusicas.org\/index.php\/wp-json\/wp\/v2\/posts\/7115\/revisions\/7117"}],"wp:featuredmedia":[{"embeddable":true,"href":"http:\/\/staging.ibermusicas.org\/index.php\/wp-json\/wp\/v2\/media\/7116"}],"wp:attachment":[{"href":"http:\/\/staging.ibermusicas.org\/index.php\/wp-json\/wp\/v2\/media?parent=7115"}],"wp:term":[{"taxonomy":"category","embeddable":true,"href":"http:\/\/staging.ibermusicas.org\/index.php\/wp-json\/wp\/v2\/categories?post=7115"},{"taxonomy":"post_tag","embeddable":true,"href":"http:\/\/staging.ibermusicas.org\/index.php\/wp-json\/wp\/v2\/tags?post=7115"}],"curies":[{"name":"wp","href":"https:\/\/api.w.org\/{rel}","templated":true}]}}