{"id":7121,"date":"2017-09-29T22:52:56","date_gmt":"2017-09-29T22:52:56","guid":{"rendered":"http:\/\/staging.ibermusicas.org\/?p=7121"},"modified":"2021-06-17T22:53:58","modified_gmt":"2021-06-17T22:53:58","slug":"el-compositor-brasileno-joao-pedro-oliveira-estrena-su-obra-neshamah-en-el-festival-visones-sonoras-de-mexico","status":"publish","type":"post","link":"http:\/\/staging.ibermusicas.org\/index.php\/el-compositor-brasileno-joao-pedro-oliveira-estrena-su-obra-neshamah-en-el-festival-visones-sonoras-de-mexico\/","title":{"rendered":"El compositor brasile\u00f1o Jo\u00e3o Pedro Oliveira estrena su obra Neshamah en el Festival Visones Sonoras de M\u00e9xico"},"content":{"rendered":"<p><span data-sheets-value=\"{&quot;1&quot;:2,&quot;2&quot;:&quot;Ser\u00e1 estrenada la obra Neshamah de Jo\u00e3o Pedro Oliveira que fuera compuesta dos a\u00f1os atr\u00e1s en en el marco de una residencia CMMAS\/Iberm\u00fasicas.\\r &quot;}\" data-sheets-userformat=\"{&quot;2&quot;:513,&quot;3&quot;:{&quot;1&quot;:0},&quot;12&quot;:0}\">Ser\u00e1 estrenada la obra Neshamah de Jo\u00e3o Pedro Oliveira que fuera compuesta dos a\u00f1os atr\u00e1s en en el marco de una residencia CMMAS\/Iberm\u00fasicas. <\/span><\/p>\n","protected":false},"excerpt":{"rendered":"<p>Ser\u00e1 estrenada la obra Neshamah de Jo\u00e3o Pedro Oliveira que fuera compuesta dos a\u00f1os atr\u00e1s en en el marco de una residencia CMMAS\/Iberm\u00fasicas.<\/p>\n","protected":false},"author":1,"featured_media":7122,"comment_status":"closed","ping_status":"closed","sticky":false,"template":"","format":"standard","meta":{"footnotes":""},"categories":[53],"tags":[],"class_list":["post-7121","post","type-post","status-publish","format-standard","has-post-thumbnail","hentry","category-noticias-generales"],"lang":"es","translations":{"es":7121},"pll_sync_post":[],"post_mailing_queue_ids":[],"_links":{"self":[{"href":"http:\/\/staging.ibermusicas.org\/index.php\/wp-json\/wp\/v2\/posts\/7121","targetHints":{"allow":["GET"]}}],"collection":[{"href":"http:\/\/staging.ibermusicas.org\/index.php\/wp-json\/wp\/v2\/posts"}],"about":[{"href":"http:\/\/staging.ibermusicas.org\/index.php\/wp-json\/wp\/v2\/types\/post"}],"author":[{"embeddable":true,"href":"http:\/\/staging.ibermusicas.org\/index.php\/wp-json\/wp\/v2\/users\/1"}],"replies":[{"embeddable":true,"href":"http:\/\/staging.ibermusicas.org\/index.php\/wp-json\/wp\/v2\/comments?post=7121"}],"version-history":[{"count":2,"href":"http:\/\/staging.ibermusicas.org\/index.php\/wp-json\/wp\/v2\/posts\/7121\/revisions"}],"predecessor-version":[{"id":7124,"href":"http:\/\/staging.ibermusicas.org\/index.php\/wp-json\/wp\/v2\/posts\/7121\/revisions\/7124"}],"wp:featuredmedia":[{"embeddable":true,"href":"http:\/\/staging.ibermusicas.org\/index.php\/wp-json\/wp\/v2\/media\/7122"}],"wp:attachment":[{"href":"http:\/\/staging.ibermusicas.org\/index.php\/wp-json\/wp\/v2\/media?parent=7121"}],"wp:term":[{"taxonomy":"category","embeddable":true,"href":"http:\/\/staging.ibermusicas.org\/index.php\/wp-json\/wp\/v2\/categories?post=7121"},{"taxonomy":"post_tag","embeddable":true,"href":"http:\/\/staging.ibermusicas.org\/index.php\/wp-json\/wp\/v2\/tags?post=7121"}],"curies":[{"name":"wp","href":"https:\/\/api.w.org\/{rel}","templated":true}]}}