{"id":7152,"date":"2017-11-01T11:31:23","date_gmt":"2017-11-01T11:31:23","guid":{"rendered":"http:\/\/staging.ibermusicas.org\/?p=7152"},"modified":"2021-06-22T11:32:24","modified_gmt":"2021-06-22T11:32:24","slug":"el-grupo-chileno-de-musica-para-ninos-piececitos-en-concierto-sera-parte-de-la-programacion-del-13-encuentro-de-la-cancion-infantil-latinoamericana-y-caribena-que-se-realizara-en-argentina","status":"publish","type":"post","link":"http:\/\/staging.ibermusicas.org\/index.php\/el-grupo-chileno-de-musica-para-ninos-piececitos-en-concierto-sera-parte-de-la-programacion-del-13-encuentro-de-la-cancion-infantil-latinoamericana-y-caribena-que-se-realizara-en-argentina\/","title":{"rendered":"El grupo chileno de m\u00fasica para ni\u00f1os, Piececitos en Concierto, ser\u00e1 parte de la programaci\u00f3n del 13 Encuentro de la Canci\u00f3n Infantil, Latinoamericana y Caribe\u00f1a que se realizar\u00e1 en Argentina"},"content":{"rendered":"<p><span data-sheets-value=\"{&quot;1&quot;:2,&quot;2&quot;:&quot;Poemas de Gabriela Mistral transformados en canciones, mu\u0301sica de rai\u0301z latinoamericana y una diversidad de instrumentos junto a un toque de humor e interaccio\u0301n con el pu\u0301blico dan vida a este novedoso concierto, creado para ser disfrutado principalmente por nin\u0303os, incluidos sus familias y educadores.\\r \\r &quot;}\" data-sheets-userformat=\"{&quot;2&quot;:515,&quot;3&quot;:{&quot;1&quot;:0},&quot;4&quot;:{&quot;1&quot;:2,&quot;2&quot;:13822754},&quot;12&quot;:0}\">Poemas de Gabriela Mistral transformados en canciones, mu\u0301sica de rai\u0301z latinoamericana y una diversidad de instrumentos junto a un toque de humor e interaccio\u0301n con el pu\u0301blico dan vida a este novedoso concierto, creado para ser disfrutado principalmente por nin\u0303os, incluidos sus familias y educadores. <\/span><\/p>\n","protected":false},"excerpt":{"rendered":"<p>Poemas de Gabriela Mistral transformados en canciones, mu\u0301sica de rai\u0301z latinoamericana y una diversidad de instrumentos junto a un toque de humor e interaccio\u0301n con el pu\u0301blico dan vida a este novedoso concierto, creado para ser disfrutado principalmente por nin\u0303os, incluidos sus familias y educadores.<\/p>\n","protected":false},"author":1,"featured_media":7153,"comment_status":"closed","ping_status":"closed","sticky":false,"template":"","format":"standard","meta":{"footnotes":""},"categories":[53],"tags":[],"class_list":["post-7152","post","type-post","status-publish","format-standard","has-post-thumbnail","hentry","category-noticias-generales"],"lang":"es","translations":{"es":7152},"pll_sync_post":[],"post_mailing_queue_ids":[],"_links":{"self":[{"href":"http:\/\/staging.ibermusicas.org\/index.php\/wp-json\/wp\/v2\/posts\/7152","targetHints":{"allow":["GET"]}}],"collection":[{"href":"http:\/\/staging.ibermusicas.org\/index.php\/wp-json\/wp\/v2\/posts"}],"about":[{"href":"http:\/\/staging.ibermusicas.org\/index.php\/wp-json\/wp\/v2\/types\/post"}],"author":[{"embeddable":true,"href":"http:\/\/staging.ibermusicas.org\/index.php\/wp-json\/wp\/v2\/users\/1"}],"replies":[{"embeddable":true,"href":"http:\/\/staging.ibermusicas.org\/index.php\/wp-json\/wp\/v2\/comments?post=7152"}],"version-history":[{"count":1,"href":"http:\/\/staging.ibermusicas.org\/index.php\/wp-json\/wp\/v2\/posts\/7152\/revisions"}],"predecessor-version":[{"id":7154,"href":"http:\/\/staging.ibermusicas.org\/index.php\/wp-json\/wp\/v2\/posts\/7152\/revisions\/7154"}],"wp:featuredmedia":[{"embeddable":true,"href":"http:\/\/staging.ibermusicas.org\/index.php\/wp-json\/wp\/v2\/media\/7153"}],"wp:attachment":[{"href":"http:\/\/staging.ibermusicas.org\/index.php\/wp-json\/wp\/v2\/media?parent=7152"}],"wp:term":[{"taxonomy":"category","embeddable":true,"href":"http:\/\/staging.ibermusicas.org\/index.php\/wp-json\/wp\/v2\/categories?post=7152"},{"taxonomy":"post_tag","embeddable":true,"href":"http:\/\/staging.ibermusicas.org\/index.php\/wp-json\/wp\/v2\/tags?post=7152"}],"curies":[{"name":"wp","href":"https:\/\/api.w.org\/{rel}","templated":true}]}}