{"id":7164,"date":"2017-11-20T11:36:49","date_gmt":"2017-11-20T11:36:49","guid":{"rendered":"http:\/\/staging.ibermusicas.org\/?p=7164"},"modified":"2021-06-22T11:37:54","modified_gmt":"2021-06-22T11:37:54","slug":"la-grela-el-quinteto-argentino-de-tango-completa-su-gira-con-tres-presentaciones-en-ecuador","status":"publish","type":"post","link":"http:\/\/staging.ibermusicas.org\/index.php\/la-grela-el-quinteto-argentino-de-tango-completa-su-gira-con-tres-presentaciones-en-ecuador\/","title":{"rendered":"La Grela, el quinteto argentino de tango, completa su gira con tres presentaciones en Ecuador"},"content":{"rendered":"<p><span data-sheets-value=\"{&quot;1&quot;:2,&quot;2&quot;:&quot;Con el apoyo de Iberm\u00fasicas y del Ministerio de Cultura de la Naci\u00f3n Argentina, el Quinteto de Tango La Grela junto a Emiliano Castignola viajar\u00e1n a las ciudades ecuatorianas de Quito e Ibarra. &quot;}\" data-sheets-userformat=\"{&quot;2&quot;:513,&quot;3&quot;:{&quot;1&quot;:0},&quot;12&quot;:0}\">Con el apoyo de Iberm\u00fasicas y del Ministerio de Cultura de la Naci\u00f3n Argentina, el Quinteto de Tango La Grela junto a Emiliano Castignola viajar\u00e1n a las ciudades ecuatorianas de Quito e Ibarra. <\/span><\/p>\n","protected":false},"excerpt":{"rendered":"<p>Con el apoyo de Iberm\u00fasicas y del Ministerio de Cultura de la Naci\u00f3n Argentina, el Quinteto de Tango La Grela junto a Emiliano Castignola viajar\u00e1n a las ciudades ecuatorianas de Quito e Ibarra.<\/p>\n","protected":false},"author":1,"featured_media":7165,"comment_status":"closed","ping_status":"closed","sticky":false,"template":"","format":"standard","meta":{"footnotes":""},"categories":[53],"tags":[],"class_list":["post-7164","post","type-post","status-publish","format-standard","has-post-thumbnail","hentry","category-noticias-generales"],"lang":"es","translations":{"es":7164},"pll_sync_post":[],"post_mailing_queue_ids":[],"_links":{"self":[{"href":"http:\/\/staging.ibermusicas.org\/index.php\/wp-json\/wp\/v2\/posts\/7164","targetHints":{"allow":["GET"]}}],"collection":[{"href":"http:\/\/staging.ibermusicas.org\/index.php\/wp-json\/wp\/v2\/posts"}],"about":[{"href":"http:\/\/staging.ibermusicas.org\/index.php\/wp-json\/wp\/v2\/types\/post"}],"author":[{"embeddable":true,"href":"http:\/\/staging.ibermusicas.org\/index.php\/wp-json\/wp\/v2\/users\/1"}],"replies":[{"embeddable":true,"href":"http:\/\/staging.ibermusicas.org\/index.php\/wp-json\/wp\/v2\/comments?post=7164"}],"version-history":[{"count":1,"href":"http:\/\/staging.ibermusicas.org\/index.php\/wp-json\/wp\/v2\/posts\/7164\/revisions"}],"predecessor-version":[{"id":7166,"href":"http:\/\/staging.ibermusicas.org\/index.php\/wp-json\/wp\/v2\/posts\/7164\/revisions\/7166"}],"wp:featuredmedia":[{"embeddable":true,"href":"http:\/\/staging.ibermusicas.org\/index.php\/wp-json\/wp\/v2\/media\/7165"}],"wp:attachment":[{"href":"http:\/\/staging.ibermusicas.org\/index.php\/wp-json\/wp\/v2\/media?parent=7164"}],"wp:term":[{"taxonomy":"category","embeddable":true,"href":"http:\/\/staging.ibermusicas.org\/index.php\/wp-json\/wp\/v2\/categories?post=7164"},{"taxonomy":"post_tag","embeddable":true,"href":"http:\/\/staging.ibermusicas.org\/index.php\/wp-json\/wp\/v2\/tags?post=7164"}],"curies":[{"name":"wp","href":"https:\/\/api.w.org\/{rel}","templated":true}]}}