{"id":7193,"date":"2017-11-04T13:19:43","date_gmt":"2017-11-04T13:19:43","guid":{"rendered":"http:\/\/staging.ibermusicas.org\/?p=7193"},"modified":"2021-06-24T13:22:00","modified_gmt":"2021-06-24T13:22:00","slug":"532la-banda-chilena-juana-fe-lleva-su-propuesta-de-afrorumba-chilenera-a-brasil-y-argentinajuana-fe-la-banda-musical-chilena-que-mezcla-ritmos-populares-como-la-salsa-y-la-cumbia","status":"publish","type":"post","link":"http:\/\/staging.ibermusicas.org\/index.php\/532la-banda-chilena-juana-fe-lleva-su-propuesta-de-afrorumba-chilenera-a-brasil-y-argentinajuana-fe-la-banda-musical-chilena-que-mezcla-ritmos-populares-como-la-salsa-y-la-cumbia\/","title":{"rendered":"532\tLa banda chilena Juana Fe lleva su propuesta de \u201cafrorumba chilenera\u201d a Brasil y Argentina\tJuana Fe, la banda musical chilena que mezcla ritmos populares como la salsa y la cumbia con el ska y con la rumba, es parte de la nueva fusi\u00f3n latinoamericana.  533\tEn Mendoza, Argentina se realizar\u00e1 la cuarta edici\u00f3n del Festival El Negra\tEl Negra es el encuentro que re\u00fane bandas argentinas e internacionales de m\u00fasica negra. G\u00e9neros como el funk, el soul, el candombe y el afro ser\u00e1n protagonistas del festival que se realiza desde hace cuatro a\u00f1os. Integrar\u00e1n la programaci\u00f3n: Funky Animal Orquesta, Antes de Nacer, Jungle Fever, Igualitos y Leo Pares Ensamble de Tambores.     534\tLa Trovuntivitis, el colectivo cubano de troveros sigue con su mega gira de dos meses por Argentina\tLa Trovuntivitis est\u00e1 reconocida como uno de los movimientos m\u00e1s importantes de la canci\u00f3n cubana. Se trata de un colectivo de 15 trovadores que desde 1997 se presenta todos los jueves en \u201cEl Mejunje de Silveiro\u201d de la ciudad de Santa Clara, Cuba."},"content":{"rendered":"<p><span data-sheets-value=\"{&quot;1&quot;:2,&quot;2&quot;:&quot;La Trovuntivitis est\u00e1 reconocida como uno de los movimientos m\u00e1s importantes de la canci\u00f3n cubana. Se trata de un colectivo de 15 trovadores que desde 1997 se presenta todos los jueves en \u201cEl Mejunje de Silveiro\u201d de la ciudad de Santa Clara, Cuba. \\r &quot;}\" data-sheets-userformat=\"{&quot;2&quot;:515,&quot;3&quot;:{&quot;1&quot;:0},&quot;4&quot;:{&quot;1&quot;:2,&quot;2&quot;:13822754},&quot;12&quot;:0}\">La Trovuntivitis est\u00e1 reconocida como uno de los movimientos m\u00e1s importantes de la canci\u00f3n cubana. Se trata de un colectivo de 15 trovadores que desde 1997 se presenta todos los jueves en \u201cEl Mejunje de Silveiro\u201d de la ciudad de Santa Clara, Cuba. <\/span><\/p>\n","protected":false},"excerpt":{"rendered":"<p>La Trovuntivitis est\u00e1 reconocida como uno de los movimientos m\u00e1s importantes de la canci\u00f3n cubana. Se trata de un colectivo de 15 trovadores que desde 1997 se presenta todos los jueves en \u201cEl Mejunje de Silveiro\u201d de la ciudad de Santa Clara, Cuba.<\/p>\n","protected":false},"author":1,"featured_media":7194,"comment_status":"closed","ping_status":"closed","sticky":false,"template":"","format":"standard","meta":{"footnotes":""},"categories":[53],"tags":[],"class_list":["post-7193","post","type-post","status-publish","format-standard","has-post-thumbnail","hentry","category-noticias-generales"],"lang":"es","translations":{"es":7193},"pll_sync_post":[],"post_mailing_queue_ids":[],"_links":{"self":[{"href":"http:\/\/staging.ibermusicas.org\/index.php\/wp-json\/wp\/v2\/posts\/7193","targetHints":{"allow":["GET"]}}],"collection":[{"href":"http:\/\/staging.ibermusicas.org\/index.php\/wp-json\/wp\/v2\/posts"}],"about":[{"href":"http:\/\/staging.ibermusicas.org\/index.php\/wp-json\/wp\/v2\/types\/post"}],"author":[{"embeddable":true,"href":"http:\/\/staging.ibermusicas.org\/index.php\/wp-json\/wp\/v2\/users\/1"}],"replies":[{"embeddable":true,"href":"http:\/\/staging.ibermusicas.org\/index.php\/wp-json\/wp\/v2\/comments?post=7193"}],"version-history":[{"count":1,"href":"http:\/\/staging.ibermusicas.org\/index.php\/wp-json\/wp\/v2\/posts\/7193\/revisions"}],"predecessor-version":[{"id":7195,"href":"http:\/\/staging.ibermusicas.org\/index.php\/wp-json\/wp\/v2\/posts\/7193\/revisions\/7195"}],"wp:featuredmedia":[{"embeddable":true,"href":"http:\/\/staging.ibermusicas.org\/index.php\/wp-json\/wp\/v2\/media\/7194"}],"wp:attachment":[{"href":"http:\/\/staging.ibermusicas.org\/index.php\/wp-json\/wp\/v2\/media?parent=7193"}],"wp:term":[{"taxonomy":"category","embeddable":true,"href":"http:\/\/staging.ibermusicas.org\/index.php\/wp-json\/wp\/v2\/categories?post=7193"},{"taxonomy":"post_tag","embeddable":true,"href":"http:\/\/staging.ibermusicas.org\/index.php\/wp-json\/wp\/v2\/tags?post=7193"}],"curies":[{"name":"wp","href":"https:\/\/api.w.org\/{rel}","templated":true}]}}