{"id":7219,"date":"2017-12-05T14:31:37","date_gmt":"2017-12-05T14:31:37","guid":{"rendered":"http:\/\/staging.ibermusicas.org\/?p=7219"},"modified":"2021-06-24T14:32:08","modified_gmt":"2021-06-24T14:32:08","slug":"el-compositor-mexicano-jose-luis-hurtado-ruelas-inicia-su-residencia-artistica-junto-al-sigma-project-de-espana","status":"publish","type":"post","link":"http:\/\/staging.ibermusicas.org\/index.php\/el-compositor-mexicano-jose-luis-hurtado-ruelas-inicia-su-residencia-artistica-junto-al-sigma-project-de-espana\/","title":{"rendered":"El compositor mexicano Jos\u00e9 Luis Hurtado Ruelas inicia su residencia art\u00edstica junto al Sigma Project de Espa\u00f1a"},"content":{"rendered":"<p>Con m\u00faltiples actividades en el Conservatorio Superior de Castilla, en la Universidad Alfonso el Sabio de Madrid y con ensayos y conciertos junto a los integrantes del Sigma Projetc, el maestro Jos\u00e9 Luis Hurtado Ruelas desarrollar\u00e1 su residencia compositiva.<\/p>\n","protected":false},"excerpt":{"rendered":"<p>Con m\u00faltiples actividades en el Conservatorio Superior de Castilla, en la Universidad Alfonso el Sabio de Madrid y con ensayos y conciertos junto a los integrantes del Sigma Projetc, el maestro Jos\u00e9 Luis Hurtado Ruelas desarrollar\u00e1 su residencia compositiva.<\/p>\n","protected":false},"author":1,"featured_media":7221,"comment_status":"closed","ping_status":"closed","sticky":false,"template":"","format":"standard","meta":{"footnotes":""},"categories":[53],"tags":[],"class_list":["post-7219","post","type-post","status-publish","format-standard","has-post-thumbnail","hentry","category-noticias-generales"],"lang":"es","translations":{"es":7219},"pll_sync_post":[],"post_mailing_queue_ids":[],"_links":{"self":[{"href":"http:\/\/staging.ibermusicas.org\/index.php\/wp-json\/wp\/v2\/posts\/7219","targetHints":{"allow":["GET"]}}],"collection":[{"href":"http:\/\/staging.ibermusicas.org\/index.php\/wp-json\/wp\/v2\/posts"}],"about":[{"href":"http:\/\/staging.ibermusicas.org\/index.php\/wp-json\/wp\/v2\/types\/post"}],"author":[{"embeddable":true,"href":"http:\/\/staging.ibermusicas.org\/index.php\/wp-json\/wp\/v2\/users\/1"}],"replies":[{"embeddable":true,"href":"http:\/\/staging.ibermusicas.org\/index.php\/wp-json\/wp\/v2\/comments?post=7219"}],"version-history":[{"count":1,"href":"http:\/\/staging.ibermusicas.org\/index.php\/wp-json\/wp\/v2\/posts\/7219\/revisions"}],"predecessor-version":[{"id":7222,"href":"http:\/\/staging.ibermusicas.org\/index.php\/wp-json\/wp\/v2\/posts\/7219\/revisions\/7222"}],"wp:featuredmedia":[{"embeddable":true,"href":"http:\/\/staging.ibermusicas.org\/index.php\/wp-json\/wp\/v2\/media\/7221"}],"wp:attachment":[{"href":"http:\/\/staging.ibermusicas.org\/index.php\/wp-json\/wp\/v2\/media?parent=7219"}],"wp:term":[{"taxonomy":"category","embeddable":true,"href":"http:\/\/staging.ibermusicas.org\/index.php\/wp-json\/wp\/v2\/categories?post=7219"},{"taxonomy":"post_tag","embeddable":true,"href":"http:\/\/staging.ibermusicas.org\/index.php\/wp-json\/wp\/v2\/tags?post=7219"}],"curies":[{"name":"wp","href":"https:\/\/api.w.org\/{rel}","templated":true}]}}