{"id":7238,"date":"2017-11-23T16:27:15","date_gmt":"2017-11-23T16:27:15","guid":{"rendered":"http:\/\/staging.ibermusicas.org\/?p=7238"},"modified":"2021-06-24T16:28:42","modified_gmt":"2021-06-24T16:28:42","slug":"en-el-marco-de-la-xiii-reunion-de-consejo-intergubernamental-de-ibermusicas-se-presento-la-artista-argentina-carmen-baliero","status":"publish","type":"post","link":"http:\/\/staging.ibermusicas.org\/index.php\/en-el-marco-de-la-xiii-reunion-de-consejo-intergubernamental-de-ibermusicas-se-presento-la-artista-argentina-carmen-baliero\/","title":{"rendered":"En el marco de la XIII reuni\u00f3n de Consejo Intergubernamental de Iberm\u00fasicas se present\u00f3 la artista argentina Carmen Baliero"},"content":{"rendered":"<p><span data-sheets-value=\"{&quot;1&quot;:2,&quot;2&quot;:&quot;En el a\u00f1o en que se cumplen los 100 a\u00f1os del nacimiento de la gran Violeta Parra, la pianista, cantante y compositora argentina realiz\u00f3 un impactante concierto solista en la explanada de acceso del Museo de Artes Visuales de Santiago de Chile.\\r \\r &quot;}\" data-sheets-userformat=\"{&quot;2&quot;:513,&quot;3&quot;:{&quot;1&quot;:0},&quot;12&quot;:0}\">En el a\u00f1o en que se cumplen los 100 a\u00f1os del nacimiento de la gran Violeta Parra, la pianista, cantante y compositora argentina realiz\u00f3 un impactante concierto solista en la explanada de acceso del Museo de Artes Visuales de Santiago de Chile. <\/span><\/p>\n","protected":false},"excerpt":{"rendered":"<p>En el a\u00f1o en que se cumplen los 100 a\u00f1os del nacimiento de la gran Violeta Parra, la pianista, cantante y compositora argentina realiz\u00f3 un impactante concierto solista en la explanada de acceso del Museo de Artes Visuales de Santiago de Chile.<\/p>\n","protected":false},"author":1,"featured_media":7239,"comment_status":"closed","ping_status":"closed","sticky":false,"template":"","format":"standard","meta":{"footnotes":""},"categories":[53],"tags":[],"class_list":["post-7238","post","type-post","status-publish","format-standard","has-post-thumbnail","hentry","category-noticias-generales"],"lang":"es","translations":{"es":7238},"pll_sync_post":[],"post_mailing_queue_ids":[],"_links":{"self":[{"href":"http:\/\/staging.ibermusicas.org\/index.php\/wp-json\/wp\/v2\/posts\/7238","targetHints":{"allow":["GET"]}}],"collection":[{"href":"http:\/\/staging.ibermusicas.org\/index.php\/wp-json\/wp\/v2\/posts"}],"about":[{"href":"http:\/\/staging.ibermusicas.org\/index.php\/wp-json\/wp\/v2\/types\/post"}],"author":[{"embeddable":true,"href":"http:\/\/staging.ibermusicas.org\/index.php\/wp-json\/wp\/v2\/users\/1"}],"replies":[{"embeddable":true,"href":"http:\/\/staging.ibermusicas.org\/index.php\/wp-json\/wp\/v2\/comments?post=7238"}],"version-history":[{"count":1,"href":"http:\/\/staging.ibermusicas.org\/index.php\/wp-json\/wp\/v2\/posts\/7238\/revisions"}],"predecessor-version":[{"id":7240,"href":"http:\/\/staging.ibermusicas.org\/index.php\/wp-json\/wp\/v2\/posts\/7238\/revisions\/7240"}],"wp:featuredmedia":[{"embeddable":true,"href":"http:\/\/staging.ibermusicas.org\/index.php\/wp-json\/wp\/v2\/media\/7239"}],"wp:attachment":[{"href":"http:\/\/staging.ibermusicas.org\/index.php\/wp-json\/wp\/v2\/media?parent=7238"}],"wp:term":[{"taxonomy":"category","embeddable":true,"href":"http:\/\/staging.ibermusicas.org\/index.php\/wp-json\/wp\/v2\/categories?post=7238"},{"taxonomy":"post_tag","embeddable":true,"href":"http:\/\/staging.ibermusicas.org\/index.php\/wp-json\/wp\/v2\/tags?post=7238"}],"curies":[{"name":"wp","href":"https:\/\/api.w.org\/{rel}","templated":true}]}}