{"id":7241,"date":"2017-11-22T16:29:06","date_gmt":"2017-11-22T16:29:06","guid":{"rendered":"http:\/\/staging.ibermusicas.org\/?p=7241"},"modified":"2021-06-24T16:30:50","modified_gmt":"2021-06-24T16:30:50","slug":"paiko-la-banda-originaria-de-paraguay-viaja-a-mexico-para-realizar-su-primera-gira-fuera-de-su-pais","status":"publish","type":"post","link":"http:\/\/staging.ibermusicas.org\/index.php\/paiko-la-banda-originaria-de-paraguay-viaja-a-mexico-para-realizar-su-primera-gira-fuera-de-su-pais\/","title":{"rendered":"Paiko, la banda originaria de Paraguay viaja a M\u00e9xico para realizar su primera gira fuera de su pa\u00eds"},"content":{"rendered":"<p><span data-sheets-value=\"{&quot;1&quot;:2,&quot;2&quot;:&quot;Con seis discos editados y m\u00e1s de 15 a\u00f1os de trayectoria, la banda originaria de Paraguay llevar\u00e1 a M\u00e9xico su fusi\u00f3n de de ritmos y sonidos populares paraguayo y latino sobre una base rock-pop.\\r \\r &quot;}\" data-sheets-userformat=\"{&quot;2&quot;:513,&quot;3&quot;:{&quot;1&quot;:0},&quot;12&quot;:0}\">Con seis discos editados y m\u00e1s de 15 a\u00f1os de trayectoria, la banda originaria de Paraguay llevar\u00e1 a M\u00e9xico su fusi\u00f3n de de ritmos y sonidos populares paraguayo y latino sobre una base rock-pop. <\/span><\/p>\n","protected":false},"excerpt":{"rendered":"<p>Con seis discos editados y m\u00e1s de 15 a\u00f1os de trayectoria, la banda originaria de Paraguay llevar\u00e1 a M\u00e9xico su fusi\u00f3n de de ritmos y sonidos populares paraguayo y latino sobre una base rock-pop.<\/p>\n","protected":false},"author":1,"featured_media":7242,"comment_status":"closed","ping_status":"closed","sticky":false,"template":"","format":"standard","meta":{"footnotes":""},"categories":[53],"tags":[],"class_list":["post-7241","post","type-post","status-publish","format-standard","has-post-thumbnail","hentry","category-noticias-generales"],"lang":"es","translations":{"es":7241},"pll_sync_post":[],"post_mailing_queue_ids":[],"_links":{"self":[{"href":"http:\/\/staging.ibermusicas.org\/index.php\/wp-json\/wp\/v2\/posts\/7241","targetHints":{"allow":["GET"]}}],"collection":[{"href":"http:\/\/staging.ibermusicas.org\/index.php\/wp-json\/wp\/v2\/posts"}],"about":[{"href":"http:\/\/staging.ibermusicas.org\/index.php\/wp-json\/wp\/v2\/types\/post"}],"author":[{"embeddable":true,"href":"http:\/\/staging.ibermusicas.org\/index.php\/wp-json\/wp\/v2\/users\/1"}],"replies":[{"embeddable":true,"href":"http:\/\/staging.ibermusicas.org\/index.php\/wp-json\/wp\/v2\/comments?post=7241"}],"version-history":[{"count":1,"href":"http:\/\/staging.ibermusicas.org\/index.php\/wp-json\/wp\/v2\/posts\/7241\/revisions"}],"predecessor-version":[{"id":7243,"href":"http:\/\/staging.ibermusicas.org\/index.php\/wp-json\/wp\/v2\/posts\/7241\/revisions\/7243"}],"wp:featuredmedia":[{"embeddable":true,"href":"http:\/\/staging.ibermusicas.org\/index.php\/wp-json\/wp\/v2\/media\/7242"}],"wp:attachment":[{"href":"http:\/\/staging.ibermusicas.org\/index.php\/wp-json\/wp\/v2\/media?parent=7241"}],"wp:term":[{"taxonomy":"category","embeddable":true,"href":"http:\/\/staging.ibermusicas.org\/index.php\/wp-json\/wp\/v2\/categories?post=7241"},{"taxonomy":"post_tag","embeddable":true,"href":"http:\/\/staging.ibermusicas.org\/index.php\/wp-json\/wp\/v2\/tags?post=7241"}],"curies":[{"name":"wp","href":"https:\/\/api.w.org\/{rel}","templated":true}]}}