{"id":7247,"date":"2017-12-30T16:32:36","date_gmt":"2017-12-30T16:32:36","guid":{"rendered":"http:\/\/staging.ibermusicas.org\/?p=7247"},"modified":"2021-06-24T16:34:07","modified_gmt":"2021-06-24T16:34:07","slug":"la-la-la-joven-cantautora-peruana-se-presentara-por-primera-vez-en-chile-formando-parte-de-la-programacion-del-xvii-festival-musicas-del-mundo-de-las-condes","status":"publish","type":"post","link":"http:\/\/staging.ibermusicas.org\/index.php\/la-la-la-joven-cantautora-peruana-se-presentara-por-primera-vez-en-chile-formando-parte-de-la-programacion-del-xvii-festival-musicas-del-mundo-de-las-condes\/","title":{"rendered":"La L\u00e1, la joven cantautora peruana se presentar\u00e1 por primera vez en Chile formando parte de la programaci\u00f3n del XVII Festival M\u00fasicas del Mundo de Las Condes"},"content":{"rendered":"<p><span data-sheets-value=\"{&quot;1&quot;:2,&quot;2&quot;:&quot;La L\u00e1 es el nombre art\u00edstico de Giovanna N\u00fa\u00f1ez, cantautora lime\u00f1a que durante los \u00faltimos a\u00f1os ha logrado cautivar al p\u00fablico peruano y latinoamericano, debido a su c\u00e1lida voz y sorprendentes composiciones.\\r \\r &quot;}\" data-sheets-userformat=\"{&quot;2&quot;:515,&quot;3&quot;:{&quot;1&quot;:0},&quot;4&quot;:{&quot;1&quot;:2,&quot;2&quot;:13822754},&quot;12&quot;:0}\">La L\u00e1 es el nombre art\u00edstico de Giovanna N\u00fa\u00f1ez, cantautora lime\u00f1a que durante los \u00faltimos a\u00f1os ha logrado cautivar al p\u00fablico peruano y latinoamericano, debido a su c\u00e1lida voz y sorprendentes composiciones. <\/span><\/p>\n","protected":false},"excerpt":{"rendered":"<p>La L\u00e1 es el nombre art\u00edstico de Giovanna N\u00fa\u00f1ez, cantautora lime\u00f1a que durante los \u00faltimos a\u00f1os ha logrado cautivar al p\u00fablico peruano y latinoamericano, debido a su c\u00e1lida voz y sorprendentes composiciones.<\/p>\n","protected":false},"author":1,"featured_media":7248,"comment_status":"closed","ping_status":"closed","sticky":false,"template":"","format":"standard","meta":{"footnotes":""},"categories":[53],"tags":[],"class_list":["post-7247","post","type-post","status-publish","format-standard","has-post-thumbnail","hentry","category-noticias-generales"],"lang":"es","translations":{"es":7247},"pll_sync_post":[],"post_mailing_queue_ids":[],"_links":{"self":[{"href":"http:\/\/staging.ibermusicas.org\/index.php\/wp-json\/wp\/v2\/posts\/7247","targetHints":{"allow":["GET"]}}],"collection":[{"href":"http:\/\/staging.ibermusicas.org\/index.php\/wp-json\/wp\/v2\/posts"}],"about":[{"href":"http:\/\/staging.ibermusicas.org\/index.php\/wp-json\/wp\/v2\/types\/post"}],"author":[{"embeddable":true,"href":"http:\/\/staging.ibermusicas.org\/index.php\/wp-json\/wp\/v2\/users\/1"}],"replies":[{"embeddable":true,"href":"http:\/\/staging.ibermusicas.org\/index.php\/wp-json\/wp\/v2\/comments?post=7247"}],"version-history":[{"count":1,"href":"http:\/\/staging.ibermusicas.org\/index.php\/wp-json\/wp\/v2\/posts\/7247\/revisions"}],"predecessor-version":[{"id":7249,"href":"http:\/\/staging.ibermusicas.org\/index.php\/wp-json\/wp\/v2\/posts\/7247\/revisions\/7249"}],"wp:featuredmedia":[{"embeddable":true,"href":"http:\/\/staging.ibermusicas.org\/index.php\/wp-json\/wp\/v2\/media\/7248"}],"wp:attachment":[{"href":"http:\/\/staging.ibermusicas.org\/index.php\/wp-json\/wp\/v2\/media?parent=7247"}],"wp:term":[{"taxonomy":"category","embeddable":true,"href":"http:\/\/staging.ibermusicas.org\/index.php\/wp-json\/wp\/v2\/categories?post=7247"},{"taxonomy":"post_tag","embeddable":true,"href":"http:\/\/staging.ibermusicas.org\/index.php\/wp-json\/wp\/v2\/tags?post=7247"}],"curies":[{"name":"wp","href":"https:\/\/api.w.org\/{rel}","templated":true}]}}