{"id":7294,"date":"2018-03-10T17:02:18","date_gmt":"2018-03-10T17:02:18","guid":{"rendered":"http:\/\/staging.ibermusicas.org\/?p=7294"},"modified":"2021-06-24T17:03:14","modified_gmt":"2021-06-24T17:03:14","slug":"la-cantante-y-poeta-uruguaya-melani-luraschi-lleva-sus-canciones-al-sur-de-brasil","status":"publish","type":"post","link":"http:\/\/staging.ibermusicas.org\/index.php\/la-cantante-y-poeta-uruguaya-melani-luraschi-lleva-sus-canciones-al-sur-de-brasil\/","title":{"rendered":"La cantante y poeta uruguaya Melan\u00ed Luraschi lleva sus canciones al sur de Brasil"},"content":{"rendered":"<p><span data-sheets-value=\"{&quot;1&quot;:2,&quot;2&quot;:&quot;Melan\u00ed Luraschi es compositora, escritora y cantante. Desde muy peque\u00f1a se vincul\u00f3 con el arte a trav\u00e9s del teatro. Sus canciones emergen con honestidad reflejando sus historias de vida y mezclando la ra\u00edz folcl\u00f3rica con diferentes m\u00fasicas de todo el mundo.\\r \\r &quot;}\" data-sheets-userformat=\"{&quot;2&quot;:513,&quot;3&quot;:{&quot;1&quot;:0},&quot;12&quot;:0}\">Melan\u00ed Luraschi es compositora, escritora y cantante. Desde muy peque\u00f1a se vincul\u00f3 con el arte a trav\u00e9s del teatro. Sus canciones emergen con honestidad reflejando sus historias de vida y mezclando la ra\u00edz folcl\u00f3rica con diferentes m\u00fasicas de todo el mundo. <\/span><\/p>\n","protected":false},"excerpt":{"rendered":"<p>Melan\u00ed Luraschi es compositora, escritora y cantante. Desde muy peque\u00f1a se vincul\u00f3 con el arte a trav\u00e9s del teatro. Sus canciones emergen con honestidad reflejando sus historias de vida y mezclando la ra\u00edz folcl\u00f3rica con diferentes m\u00fasicas de todo el mundo.<\/p>\n","protected":false},"author":1,"featured_media":7295,"comment_status":"closed","ping_status":"closed","sticky":false,"template":"","format":"standard","meta":{"footnotes":""},"categories":[53],"tags":[],"class_list":["post-7294","post","type-post","status-publish","format-standard","has-post-thumbnail","hentry","category-noticias-generales"],"lang":"es","translations":{"es":7294},"pll_sync_post":[],"post_mailing_queue_ids":[],"_links":{"self":[{"href":"http:\/\/staging.ibermusicas.org\/index.php\/wp-json\/wp\/v2\/posts\/7294","targetHints":{"allow":["GET"]}}],"collection":[{"href":"http:\/\/staging.ibermusicas.org\/index.php\/wp-json\/wp\/v2\/posts"}],"about":[{"href":"http:\/\/staging.ibermusicas.org\/index.php\/wp-json\/wp\/v2\/types\/post"}],"author":[{"embeddable":true,"href":"http:\/\/staging.ibermusicas.org\/index.php\/wp-json\/wp\/v2\/users\/1"}],"replies":[{"embeddable":true,"href":"http:\/\/staging.ibermusicas.org\/index.php\/wp-json\/wp\/v2\/comments?post=7294"}],"version-history":[{"count":1,"href":"http:\/\/staging.ibermusicas.org\/index.php\/wp-json\/wp\/v2\/posts\/7294\/revisions"}],"predecessor-version":[{"id":7296,"href":"http:\/\/staging.ibermusicas.org\/index.php\/wp-json\/wp\/v2\/posts\/7294\/revisions\/7296"}],"wp:featuredmedia":[{"embeddable":true,"href":"http:\/\/staging.ibermusicas.org\/index.php\/wp-json\/wp\/v2\/media\/7295"}],"wp:attachment":[{"href":"http:\/\/staging.ibermusicas.org\/index.php\/wp-json\/wp\/v2\/media?parent=7294"}],"wp:term":[{"taxonomy":"category","embeddable":true,"href":"http:\/\/staging.ibermusicas.org\/index.php\/wp-json\/wp\/v2\/categories?post=7294"},{"taxonomy":"post_tag","embeddable":true,"href":"http:\/\/staging.ibermusicas.org\/index.php\/wp-json\/wp\/v2\/tags?post=7294"}],"curies":[{"name":"wp","href":"https:\/\/api.w.org\/{rel}","templated":true}]}}