{"id":7312,"date":"2018-03-10T17:23:01","date_gmt":"2018-03-10T17:23:01","guid":{"rendered":"http:\/\/staging.ibermusicas.org\/?p=7312"},"modified":"2021-06-24T17:24:43","modified_gmt":"2021-06-24T17:24:43","slug":"desde-brasil-dona-onete-viajara-a-mexico-para-presentarse-por-primera-vez-en-ese-pais","status":"publish","type":"post","link":"http:\/\/staging.ibermusicas.org\/index.php\/desde-brasil-dona-onete-viajara-a-mexico-para-presentarse-por-primera-vez-en-ese-pais\/","title":{"rendered":"Desde Brasil, Dona Onete viajar\u00e1 a M\u00e9xico para presentarse por primera vez en ese pa\u00eds"},"content":{"rendered":"<p><span data-sheets-value=\"{&quot;1&quot;:2,&quot;2&quot;:&quot;Dona Onete es un \u00edcono de la m\u00fasica amaz\u00f3nica en Brasil. Es cantante, compositora y poeta y a la vez resulta una revelaci\u00f3n, ya que con sus 77 a\u00f1os, se hizo conocida por el gran p\u00fablico hace poco tiempo. Su primer disco fue publicado hace tan s\u00f3lo cinco a\u00f1os. Naci\u00f3 en Par\u00e1, vivi\u00f3 su infancia en Bel\u00e9m y su vida adulta en Igarap\u00e9-Miri. \\r &quot;}\" data-sheets-userformat=\"{&quot;2&quot;:513,&quot;3&quot;:{&quot;1&quot;:0},&quot;12&quot;:0}\">Dona Onete es un \u00edcono de la m\u00fasica amaz\u00f3nica en Brasil. Es cantante, compositora y poeta y a la vez resulta una revelaci\u00f3n, ya que con sus 77 a\u00f1os, se hizo conocida por el gran p\u00fablico hace poco tiempo. Su primer disco fue publicado hace tan s\u00f3lo cinco a\u00f1os. Naci\u00f3 en Par\u00e1, vivi\u00f3 su infancia en Bel\u00e9m y su vida adulta en Igarap\u00e9-Miri. <\/span><\/p>\n","protected":false},"excerpt":{"rendered":"<p>Dona Onete es un \u00edcono de la m\u00fasica amaz\u00f3nica en Brasil. Es cantante, compositora y poeta y a la vez resulta una revelaci\u00f3n, ya que con sus 77 a\u00f1os, se hizo conocida por el gran p\u00fablico hace poco tiempo. Su primer disco fue publicado hace tan s\u00f3lo cinco a\u00f1os. Naci\u00f3 en Par\u00e1, vivi\u00f3 su infancia [&hellip;]<\/p>\n","protected":false},"author":1,"featured_media":7313,"comment_status":"closed","ping_status":"closed","sticky":false,"template":"","format":"standard","meta":{"footnotes":""},"categories":[53],"tags":[],"class_list":["post-7312","post","type-post","status-publish","format-standard","has-post-thumbnail","hentry","category-noticias-generales"],"lang":"es","translations":{"es":7312},"pll_sync_post":[],"post_mailing_queue_ids":[],"_links":{"self":[{"href":"http:\/\/staging.ibermusicas.org\/index.php\/wp-json\/wp\/v2\/posts\/7312","targetHints":{"allow":["GET"]}}],"collection":[{"href":"http:\/\/staging.ibermusicas.org\/index.php\/wp-json\/wp\/v2\/posts"}],"about":[{"href":"http:\/\/staging.ibermusicas.org\/index.php\/wp-json\/wp\/v2\/types\/post"}],"author":[{"embeddable":true,"href":"http:\/\/staging.ibermusicas.org\/index.php\/wp-json\/wp\/v2\/users\/1"}],"replies":[{"embeddable":true,"href":"http:\/\/staging.ibermusicas.org\/index.php\/wp-json\/wp\/v2\/comments?post=7312"}],"version-history":[{"count":1,"href":"http:\/\/staging.ibermusicas.org\/index.php\/wp-json\/wp\/v2\/posts\/7312\/revisions"}],"predecessor-version":[{"id":7314,"href":"http:\/\/staging.ibermusicas.org\/index.php\/wp-json\/wp\/v2\/posts\/7312\/revisions\/7314"}],"wp:featuredmedia":[{"embeddable":true,"href":"http:\/\/staging.ibermusicas.org\/index.php\/wp-json\/wp\/v2\/media\/7313"}],"wp:attachment":[{"href":"http:\/\/staging.ibermusicas.org\/index.php\/wp-json\/wp\/v2\/media?parent=7312"}],"wp:term":[{"taxonomy":"category","embeddable":true,"href":"http:\/\/staging.ibermusicas.org\/index.php\/wp-json\/wp\/v2\/categories?post=7312"},{"taxonomy":"post_tag","embeddable":true,"href":"http:\/\/staging.ibermusicas.org\/index.php\/wp-json\/wp\/v2\/tags?post=7312"}],"curies":[{"name":"wp","href":"https:\/\/api.w.org\/{rel}","templated":true}]}}