{"id":7330,"date":"2018-03-21T17:35:26","date_gmt":"2018-03-21T17:35:26","guid":{"rendered":"http:\/\/staging.ibermusicas.org\/?p=7330"},"modified":"2021-06-24T17:46:26","modified_gmt":"2021-06-24T17:46:26","slug":"tendra-lugar-en-lima-peru-la-3era-edicion-del-festival-undercaos-con-su-programacion-siempre-ligada-a-la-musica-psicodelica-y-experimental","status":"publish","type":"post","link":"http:\/\/staging.ibermusicas.org\/index.php\/tendra-lugar-en-lima-peru-la-3era-edicion-del-festival-undercaos-con-su-programacion-siempre-ligada-a-la-musica-psicodelica-y-experimental\/","title":{"rendered":"Tendr\u00e1 lugar en Lima, Per\u00fa la 3era edici\u00f3n del Festival Undercaos con su programaci\u00f3n siempre ligada a la m\u00fasica psicod\u00e9lica y experimental"},"content":{"rendered":"<p><span data-sheets-value=\"{&quot;1&quot;:2,&quot;2&quot;:&quot;En esta edici\u00f3n el festival contar\u00e1 con una grilla de 12 bandas, de las cuales tres viajar\u00e1n a Per\u00fa con apoyo de Iberm\u00fasicas; Hijo de la Tormenta de Argentina, Vago Sagrado de Chile y Color Horror de Uruguay.\\r \\r &quot;}\" data-sheets-userformat=\"{&quot;2&quot;:513,&quot;3&quot;:{&quot;1&quot;:0},&quot;12&quot;:0}\">En esta edici\u00f3n el festival contar\u00e1 con una grilla de 12 bandas, de las cuales tres viajar\u00e1n a Per\u00fa con apoyo de Iberm\u00fasicas; Hijo de la Tormenta de Argentina, Vago Sagrado de Chile y Color Horror de Uruguay. <\/span><\/p>\n","protected":false},"excerpt":{"rendered":"<p>En esta edici\u00f3n el festival contar\u00e1 con una grilla de 12 bandas, de las cuales tres viajar\u00e1n a Per\u00fa con apoyo de Iberm\u00fasicas; Hijo de la Tormenta de Argentina, Vago Sagrado de Chile y Color Horror de Uruguay.<\/p>\n","protected":false},"author":1,"featured_media":7331,"comment_status":"closed","ping_status":"closed","sticky":false,"template":"","format":"standard","meta":{"footnotes":""},"categories":[53],"tags":[],"class_list":["post-7330","post","type-post","status-publish","format-standard","has-post-thumbnail","hentry","category-noticias-generales"],"lang":"es","translations":{"es":7330},"pll_sync_post":[],"post_mailing_queue_ids":[],"_links":{"self":[{"href":"http:\/\/staging.ibermusicas.org\/index.php\/wp-json\/wp\/v2\/posts\/7330","targetHints":{"allow":["GET"]}}],"collection":[{"href":"http:\/\/staging.ibermusicas.org\/index.php\/wp-json\/wp\/v2\/posts"}],"about":[{"href":"http:\/\/staging.ibermusicas.org\/index.php\/wp-json\/wp\/v2\/types\/post"}],"author":[{"embeddable":true,"href":"http:\/\/staging.ibermusicas.org\/index.php\/wp-json\/wp\/v2\/users\/1"}],"replies":[{"embeddable":true,"href":"http:\/\/staging.ibermusicas.org\/index.php\/wp-json\/wp\/v2\/comments?post=7330"}],"version-history":[{"count":1,"href":"http:\/\/staging.ibermusicas.org\/index.php\/wp-json\/wp\/v2\/posts\/7330\/revisions"}],"predecessor-version":[{"id":7332,"href":"http:\/\/staging.ibermusicas.org\/index.php\/wp-json\/wp\/v2\/posts\/7330\/revisions\/7332"}],"wp:featuredmedia":[{"embeddable":true,"href":"http:\/\/staging.ibermusicas.org\/index.php\/wp-json\/wp\/v2\/media\/7331"}],"wp:attachment":[{"href":"http:\/\/staging.ibermusicas.org\/index.php\/wp-json\/wp\/v2\/media?parent=7330"}],"wp:term":[{"taxonomy":"category","embeddable":true,"href":"http:\/\/staging.ibermusicas.org\/index.php\/wp-json\/wp\/v2\/categories?post=7330"},{"taxonomy":"post_tag","embeddable":true,"href":"http:\/\/staging.ibermusicas.org\/index.php\/wp-json\/wp\/v2\/tags?post=7330"}],"curies":[{"name":"wp","href":"https:\/\/api.w.org\/{rel}","templated":true}]}}