{"id":7372,"date":"2018-06-01T18:24:18","date_gmt":"2018-06-01T18:24:18","guid":{"rendered":"http:\/\/staging.ibermusicas.org\/?p=7372"},"modified":"2021-06-24T18:25:53","modified_gmt":"2021-06-24T18:25:53","slug":"se-estrena-en-toulouse-francia-pies-morenos-sobre-piedras-de-sal-obra-ganadora-del-concurso-de-texto-dramatico-y-composicion-musical-impulsado-por-ibermusicas-e-iberescena","status":"publish","type":"post","link":"http:\/\/staging.ibermusicas.org\/index.php\/se-estrena-en-toulouse-francia-pies-morenos-sobre-piedras-de-sal-obra-ganadora-del-concurso-de-texto-dramatico-y-composicion-musical-impulsado-por-ibermusicas-e-iberescena\/","title":{"rendered":"Se estrena en Toulouse, Francia \u00abPies morenos sobre piedras de sal\u00bb, obra ganadora del concurso de texto dram\u00e1tico y composici\u00f3n musical impulsado por Iberm\u00fasicas e Iberescena"},"content":{"rendered":"<p><span data-sheets-value=\"{&quot;1&quot;:2,&quot;2&quot;:&quot;\u201cPies morenos sobre piedras de sal\u201d es la obra ganadora del 2do Concurso de Sinergia Iberescena-Iberm\u00fasicas. Sus autores son la dramaturga colombiana Ana Mar\u00eda Vallejo y el compositor argentino residente en M\u00e9xico, Federico Valdez. &quot;}\" data-sheets-userformat=\"{&quot;2&quot;:513,&quot;3&quot;:{&quot;1&quot;:0},&quot;12&quot;:0}\">\u201cPies morenos sobre piedras de sal\u201d es la obra ganadora del 2do Concurso de Sinergia Iberescena-Iberm\u00fasicas. Sus autores son la dramaturga colombiana Ana Mar\u00eda Vallejo y el compositor argentino residente en M\u00e9xico, Federico Valdez. <\/span><\/p>\n","protected":false},"excerpt":{"rendered":"<p>\u201cPies morenos sobre piedras de sal\u201d es la obra ganadora del 2do Concurso de Sinergia Iberescena-Iberm\u00fasicas. Sus autores son la dramaturga colombiana Ana Mar\u00eda Vallejo y el compositor argentino residente en M\u00e9xico, Federico Valdez.<\/p>\n","protected":false},"author":1,"featured_media":7373,"comment_status":"closed","ping_status":"closed","sticky":false,"template":"","format":"standard","meta":{"footnotes":""},"categories":[53],"tags":[],"class_list":["post-7372","post","type-post","status-publish","format-standard","has-post-thumbnail","hentry","category-noticias-generales"],"lang":"es","translations":{"es":7372},"pll_sync_post":[],"post_mailing_queue_ids":[],"_links":{"self":[{"href":"http:\/\/staging.ibermusicas.org\/index.php\/wp-json\/wp\/v2\/posts\/7372","targetHints":{"allow":["GET"]}}],"collection":[{"href":"http:\/\/staging.ibermusicas.org\/index.php\/wp-json\/wp\/v2\/posts"}],"about":[{"href":"http:\/\/staging.ibermusicas.org\/index.php\/wp-json\/wp\/v2\/types\/post"}],"author":[{"embeddable":true,"href":"http:\/\/staging.ibermusicas.org\/index.php\/wp-json\/wp\/v2\/users\/1"}],"replies":[{"embeddable":true,"href":"http:\/\/staging.ibermusicas.org\/index.php\/wp-json\/wp\/v2\/comments?post=7372"}],"version-history":[{"count":1,"href":"http:\/\/staging.ibermusicas.org\/index.php\/wp-json\/wp\/v2\/posts\/7372\/revisions"}],"predecessor-version":[{"id":7374,"href":"http:\/\/staging.ibermusicas.org\/index.php\/wp-json\/wp\/v2\/posts\/7372\/revisions\/7374"}],"wp:featuredmedia":[{"embeddable":true,"href":"http:\/\/staging.ibermusicas.org\/index.php\/wp-json\/wp\/v2\/media\/7373"}],"wp:attachment":[{"href":"http:\/\/staging.ibermusicas.org\/index.php\/wp-json\/wp\/v2\/media?parent=7372"}],"wp:term":[{"taxonomy":"category","embeddable":true,"href":"http:\/\/staging.ibermusicas.org\/index.php\/wp-json\/wp\/v2\/categories?post=7372"},{"taxonomy":"post_tag","embeddable":true,"href":"http:\/\/staging.ibermusicas.org\/index.php\/wp-json\/wp\/v2\/tags?post=7372"}],"curies":[{"name":"wp","href":"https:\/\/api.w.org\/{rel}","templated":true}]}}