{"id":7375,"date":"2018-06-10T18:26:13","date_gmt":"2018-06-10T18:26:13","guid":{"rendered":"http:\/\/staging.ibermusicas.org\/?p=7375"},"modified":"2021-06-24T18:28:17","modified_gmt":"2021-06-24T18:28:17","slug":"en-concierto-conjunto-la-cantautora-argentina-sofia-viola-y-el-compositor-de-piedecuesta-colombia-edson-velandia-compartiran-escenarios-en-el-marco-del-laboratorio-de-canciones-en-gira","status":"publish","type":"post","link":"http:\/\/staging.ibermusicas.org\/index.php\/en-concierto-conjunto-la-cantautora-argentina-sofia-viola-y-el-compositor-de-piedecuesta-colombia-edson-velandia-compartiran-escenarios-en-el-marco-del-laboratorio-de-canciones-en-gira\/","title":{"rendered":"En concierto conjunto, la cantautora argentina Sof\u00eda Viola y el compositor de Piedecuesta, Colombia, Edson Velandia, compartir\u00e1n escenarios en el marco del Laboratorio de Canciones en Gira"},"content":{"rendered":"<p><span data-sheets-value=\"{&quot;1&quot;:2,&quot;2&quot;:&quot;Se trata de una Residencia de Composici\u00f3n donde ambos autores intercambiar\u00e1n conocimientos, ideas y escuchas en una convivencia diaria para generar nuevas obras. Har\u00e1n base en Piedecuesta y se presentar\u00e1n en vivo en Bogot\u00e1, Bucaramanga, Medell\u00edn y m\u00e1s ciudades.\\r \\r &quot;}\" data-sheets-userformat=\"{&quot;2&quot;:513,&quot;3&quot;:{&quot;1&quot;:0},&quot;12&quot;:0}\">Se trata de una Residencia de Composici\u00f3n donde ambos autores intercambiar\u00e1n conocimientos, ideas y escuchas en una convivencia diaria para generar nuevas obras. Har\u00e1n base en Piedecuesta y se presentar\u00e1n en vivo en Bogot\u00e1, Bucaramanga, Medell\u00edn y m\u00e1s ciudades. <\/span><\/p>\n","protected":false},"excerpt":{"rendered":"<p>Se trata de una Residencia de Composici\u00f3n donde ambos autores intercambiar\u00e1n conocimientos, ideas y escuchas en una convivencia diaria para generar nuevas obras. Har\u00e1n base en Piedecuesta y se presentar\u00e1n en vivo en Bogot\u00e1, Bucaramanga, Medell\u00edn y m\u00e1s ciudades.<\/p>\n","protected":false},"author":1,"featured_media":7376,"comment_status":"closed","ping_status":"closed","sticky":false,"template":"","format":"standard","meta":{"footnotes":""},"categories":[53],"tags":[],"class_list":["post-7375","post","type-post","status-publish","format-standard","has-post-thumbnail","hentry","category-noticias-generales"],"lang":"es","translations":{"es":7375},"pll_sync_post":[],"post_mailing_queue_ids":[],"_links":{"self":[{"href":"http:\/\/staging.ibermusicas.org\/index.php\/wp-json\/wp\/v2\/posts\/7375","targetHints":{"allow":["GET"]}}],"collection":[{"href":"http:\/\/staging.ibermusicas.org\/index.php\/wp-json\/wp\/v2\/posts"}],"about":[{"href":"http:\/\/staging.ibermusicas.org\/index.php\/wp-json\/wp\/v2\/types\/post"}],"author":[{"embeddable":true,"href":"http:\/\/staging.ibermusicas.org\/index.php\/wp-json\/wp\/v2\/users\/1"}],"replies":[{"embeddable":true,"href":"http:\/\/staging.ibermusicas.org\/index.php\/wp-json\/wp\/v2\/comments?post=7375"}],"version-history":[{"count":1,"href":"http:\/\/staging.ibermusicas.org\/index.php\/wp-json\/wp\/v2\/posts\/7375\/revisions"}],"predecessor-version":[{"id":7377,"href":"http:\/\/staging.ibermusicas.org\/index.php\/wp-json\/wp\/v2\/posts\/7375\/revisions\/7377"}],"wp:featuredmedia":[{"embeddable":true,"href":"http:\/\/staging.ibermusicas.org\/index.php\/wp-json\/wp\/v2\/media\/7376"}],"wp:attachment":[{"href":"http:\/\/staging.ibermusicas.org\/index.php\/wp-json\/wp\/v2\/media?parent=7375"}],"wp:term":[{"taxonomy":"category","embeddable":true,"href":"http:\/\/staging.ibermusicas.org\/index.php\/wp-json\/wp\/v2\/categories?post=7375"},{"taxonomy":"post_tag","embeddable":true,"href":"http:\/\/staging.ibermusicas.org\/index.php\/wp-json\/wp\/v2\/tags?post=7375"}],"curies":[{"name":"wp","href":"https:\/\/api.w.org\/{rel}","templated":true}]}}