{"id":7381,"date":"2018-05-10T18:31:07","date_gmt":"2018-05-10T18:31:07","guid":{"rendered":"http:\/\/staging.ibermusicas.org\/?p=7381"},"modified":"2021-06-24T18:32:57","modified_gmt":"2021-06-24T18:32:57","slug":"la-cantautora-argentina-sofia-viola-y-el-compositor-colombiano-edson-velandia-compartiran-escenarios-en-el-marco-del-laboratorio-de-canciones-en-gira","status":"publish","type":"post","link":"http:\/\/staging.ibermusicas.org\/index.php\/la-cantautora-argentina-sofia-viola-y-el-compositor-colombiano-edson-velandia-compartiran-escenarios-en-el-marco-del-laboratorio-de-canciones-en-gira\/","title":{"rendered":"La cantautora argentina Sof\u00eda Viola y el compositor colombiano Edson Velandia compartir\u00e1n escenarios en el marco del Laboratorio de Canciones en Gira"},"content":{"rendered":"<p><span data-sheets-value=\"{&quot;1&quot;:2,&quot;2&quot;:&quot;Con la llegada de Sof\u00eda Viola a Colombia, ella y Edson Velandia han iniciado una Residencia Creativa donde ambos autores intercambiar\u00e1n conocimientos, ideas y escuchas en una convivencia diaria para generar nuevas obras. Har\u00e1n base en Piedecuesta y se presentar\u00e1n en vivo en Bogot\u00e1, Bucaramanga, Medell\u00edn y m\u00e1s ciudades.\\r \\r &quot;}\" data-sheets-userformat=\"{&quot;2&quot;:513,&quot;3&quot;:{&quot;1&quot;:0},&quot;12&quot;:0}\">Con la llegada de Sof\u00eda Viola a Colombia, ella y Edson Velandia han iniciado una Residencia Creativa donde ambos autores intercambiar\u00e1n conocimientos, ideas y escuchas en una convivencia diaria para generar nuevas obras. Har\u00e1n base en Piedecuesta y se presentar\u00e1n en vivo en Bogot\u00e1, Bucaramanga, Medell\u00edn y m\u00e1s ciudades. <\/span><\/p>\n","protected":false},"excerpt":{"rendered":"<p>Con la llegada de Sof\u00eda Viola a Colombia, ella y Edson Velandia han iniciado una Residencia Creativa donde ambos autores intercambiar\u00e1n conocimientos, ideas y escuchas en una convivencia diaria para generar nuevas obras. Har\u00e1n base en Piedecuesta y se presentar\u00e1n en vivo en Bogot\u00e1, Bucaramanga, Medell\u00edn y m\u00e1s ciudades.<\/p>\n","protected":false},"author":1,"featured_media":7382,"comment_status":"closed","ping_status":"closed","sticky":false,"template":"","format":"standard","meta":{"footnotes":""},"categories":[53],"tags":[],"class_list":["post-7381","post","type-post","status-publish","format-standard","has-post-thumbnail","hentry","category-noticias-generales"],"lang":"es","translations":{"es":7381},"pll_sync_post":[],"post_mailing_queue_ids":[],"_links":{"self":[{"href":"http:\/\/staging.ibermusicas.org\/index.php\/wp-json\/wp\/v2\/posts\/7381","targetHints":{"allow":["GET"]}}],"collection":[{"href":"http:\/\/staging.ibermusicas.org\/index.php\/wp-json\/wp\/v2\/posts"}],"about":[{"href":"http:\/\/staging.ibermusicas.org\/index.php\/wp-json\/wp\/v2\/types\/post"}],"author":[{"embeddable":true,"href":"http:\/\/staging.ibermusicas.org\/index.php\/wp-json\/wp\/v2\/users\/1"}],"replies":[{"embeddable":true,"href":"http:\/\/staging.ibermusicas.org\/index.php\/wp-json\/wp\/v2\/comments?post=7381"}],"version-history":[{"count":1,"href":"http:\/\/staging.ibermusicas.org\/index.php\/wp-json\/wp\/v2\/posts\/7381\/revisions"}],"predecessor-version":[{"id":7383,"href":"http:\/\/staging.ibermusicas.org\/index.php\/wp-json\/wp\/v2\/posts\/7381\/revisions\/7383"}],"wp:featuredmedia":[{"embeddable":true,"href":"http:\/\/staging.ibermusicas.org\/index.php\/wp-json\/wp\/v2\/media\/7382"}],"wp:attachment":[{"href":"http:\/\/staging.ibermusicas.org\/index.php\/wp-json\/wp\/v2\/media?parent=7381"}],"wp:term":[{"taxonomy":"category","embeddable":true,"href":"http:\/\/staging.ibermusicas.org\/index.php\/wp-json\/wp\/v2\/categories?post=7381"},{"taxonomy":"post_tag","embeddable":true,"href":"http:\/\/staging.ibermusicas.org\/index.php\/wp-json\/wp\/v2\/tags?post=7381"}],"curies":[{"name":"wp","href":"https:\/\/api.w.org\/{rel}","templated":true}]}}