{"id":7387,"date":"2018-06-24T18:35:48","date_gmt":"2018-06-24T18:35:48","guid":{"rendered":"http:\/\/staging.ibermusicas.org\/?p=7387"},"modified":"2021-06-24T18:40:46","modified_gmt":"2021-06-24T18:40:46","slug":"el-ensemble-ecoute-de-francia-estrena-butta-fuori-la-obra-compuesta-durante-la-residencia-artistica-realizada-por-el-compositor-argentino-santiago-santero","status":"publish","type":"post","link":"http:\/\/staging.ibermusicas.org\/index.php\/el-ensemble-ecoute-de-francia-estrena-butta-fuori-la-obra-compuesta-durante-la-residencia-artistica-realizada-por-el-compositor-argentino-santiago-santero\/","title":{"rendered":"El Ensemble \u00c9coute de Francia estrena Butta Fuori, la obra compuesta durante la Residencia Art\u00edstica realizada por el compositor argentino Santiago Santero"},"content":{"rendered":"<p>En el maravilloso sal\u00f3n de la Casa Argentina en Par\u00eds, el Ensemble \u00c9coute (Ensemble de musique contemporaine de la Cit\u00e9 Internationale Universitaire de Paris), realizar\u00e1 el concierto de clausura de la residencia del compositor.<\/p>\n","protected":false},"excerpt":{"rendered":"<p>En el maravilloso sal\u00f3n de la Casa Argentina en Par\u00eds, el Ensemble \u00c9coute (Ensemble de musique contemporaine de la Cit\u00e9 Internationale Universitaire de Paris), realizar\u00e1 el concierto de clausura de la residencia del compositor.<\/p>\n","protected":false},"author":1,"featured_media":7388,"comment_status":"closed","ping_status":"closed","sticky":false,"template":"","format":"standard","meta":{"footnotes":""},"categories":[53],"tags":[],"class_list":["post-7387","post","type-post","status-publish","format-standard","has-post-thumbnail","hentry","category-noticias-generales"],"lang":"es","translations":{"es":7387},"pll_sync_post":[],"post_mailing_queue_ids":[],"_links":{"self":[{"href":"http:\/\/staging.ibermusicas.org\/index.php\/wp-json\/wp\/v2\/posts\/7387","targetHints":{"allow":["GET"]}}],"collection":[{"href":"http:\/\/staging.ibermusicas.org\/index.php\/wp-json\/wp\/v2\/posts"}],"about":[{"href":"http:\/\/staging.ibermusicas.org\/index.php\/wp-json\/wp\/v2\/types\/post"}],"author":[{"embeddable":true,"href":"http:\/\/staging.ibermusicas.org\/index.php\/wp-json\/wp\/v2\/users\/1"}],"replies":[{"embeddable":true,"href":"http:\/\/staging.ibermusicas.org\/index.php\/wp-json\/wp\/v2\/comments?post=7387"}],"version-history":[{"count":1,"href":"http:\/\/staging.ibermusicas.org\/index.php\/wp-json\/wp\/v2\/posts\/7387\/revisions"}],"predecessor-version":[{"id":7389,"href":"http:\/\/staging.ibermusicas.org\/index.php\/wp-json\/wp\/v2\/posts\/7387\/revisions\/7389"}],"wp:featuredmedia":[{"embeddable":true,"href":"http:\/\/staging.ibermusicas.org\/index.php\/wp-json\/wp\/v2\/media\/7388"}],"wp:attachment":[{"href":"http:\/\/staging.ibermusicas.org\/index.php\/wp-json\/wp\/v2\/media?parent=7387"}],"wp:term":[{"taxonomy":"category","embeddable":true,"href":"http:\/\/staging.ibermusicas.org\/index.php\/wp-json\/wp\/v2\/categories?post=7387"},{"taxonomy":"post_tag","embeddable":true,"href":"http:\/\/staging.ibermusicas.org\/index.php\/wp-json\/wp\/v2\/tags?post=7387"}],"curies":[{"name":"wp","href":"https:\/\/api.w.org\/{rel}","templated":true}]}}