{"id":7393,"date":"2018-07-02T18:42:35","date_gmt":"2018-07-02T18:42:35","guid":{"rendered":"http:\/\/staging.ibermusicas.org\/?p=7393"},"modified":"2021-06-24T18:43:30","modified_gmt":"2021-06-24T18:43:30","slug":"hemiola-musicas-realizara-en-santiago-de-chile-el-ciclo-desfronteras-con-encuentros-y-conciertos-de-destacados-musicos-de-argentinos-chilenos-y-uruguayos","status":"publish","type":"post","link":"http:\/\/staging.ibermusicas.org\/index.php\/hemiola-musicas-realizara-en-santiago-de-chile-el-ciclo-desfronteras-con-encuentros-y-conciertos-de-destacados-musicos-de-argentinos-chilenos-y-uruguayos\/","title":{"rendered":"Hemiola M\u00fasicas, realizar\u00e1 en Santiago de Chile el ciclo Desfronteras con encuentros y conciertos de destacados m\u00fasicos de argentinos, chilenos y uruguayos"},"content":{"rendered":"<p><span data-sheets-value=\"{&quot;1&quot;:2,&quot;2&quot;:&quot;La esencia del ciclo de conciertos Desfronteras, que para este a\u00f1o 2018 se subtitula Al Vuelo de la Canci\u00f3n, es vivenciar la integraci\u00f3n latinoamericana a trav\u00e9s de la m\u00fasica m\u00e1s all\u00e1 de las fronteras y diferencias culturales. El ciclo contar\u00e1 con la participaci\u00f3n de destacados m\u00fasicos de Argentina y Uruguay, con Chile como pa\u00eds sede y m\u00fasicos chilenos como anfitriones de los visitantes, siendo la sala de conciertos del GAM (Centro Cultural Gabriela Mistral) el lugar principal de los encuentros.&quot;}\" data-sheets-userformat=\"{&quot;2&quot;:513,&quot;3&quot;:{&quot;1&quot;:0},&quot;12&quot;:0}\">La esencia del ciclo de conciertos Desfronteras, que para este a\u00f1o 2018 se subtitula Al Vuelo de la Canci\u00f3n, es vivenciar la integraci\u00f3n latinoamericana a trav\u00e9s de la m\u00fasica m\u00e1s all\u00e1 de las fronteras y diferencias culturales. El ciclo contar\u00e1 con la participaci\u00f3n de destacados m\u00fasicos de Argentina y Uruguay, con Chile como pa\u00eds sede y m\u00fasicos chilenos como anfitriones de los visitantes, siendo la sala de conciertos del GAM (Centro Cultural Gabriela Mistral) el lugar principal de los encuentros.<\/span><\/p>\n","protected":false},"excerpt":{"rendered":"<p>La esencia del ciclo de conciertos Desfronteras, que para este a\u00f1o 2018 se subtitula Al Vuelo de la Canci\u00f3n, es vivenciar la integraci\u00f3n latinoamericana a trav\u00e9s de la m\u00fasica m\u00e1s all\u00e1 de las fronteras y diferencias culturales. El ciclo contar\u00e1 con la participaci\u00f3n de destacados m\u00fasicos de Argentina y Uruguay, con Chile como pa\u00eds sede [&hellip;]<\/p>\n","protected":false},"author":1,"featured_media":7394,"comment_status":"closed","ping_status":"closed","sticky":false,"template":"","format":"standard","meta":{"footnotes":""},"categories":[53],"tags":[],"class_list":["post-7393","post","type-post","status-publish","format-standard","has-post-thumbnail","hentry","category-noticias-generales"],"lang":"es","translations":{"es":7393},"pll_sync_post":[],"post_mailing_queue_ids":[],"_links":{"self":[{"href":"http:\/\/staging.ibermusicas.org\/index.php\/wp-json\/wp\/v2\/posts\/7393","targetHints":{"allow":["GET"]}}],"collection":[{"href":"http:\/\/staging.ibermusicas.org\/index.php\/wp-json\/wp\/v2\/posts"}],"about":[{"href":"http:\/\/staging.ibermusicas.org\/index.php\/wp-json\/wp\/v2\/types\/post"}],"author":[{"embeddable":true,"href":"http:\/\/staging.ibermusicas.org\/index.php\/wp-json\/wp\/v2\/users\/1"}],"replies":[{"embeddable":true,"href":"http:\/\/staging.ibermusicas.org\/index.php\/wp-json\/wp\/v2\/comments?post=7393"}],"version-history":[{"count":1,"href":"http:\/\/staging.ibermusicas.org\/index.php\/wp-json\/wp\/v2\/posts\/7393\/revisions"}],"predecessor-version":[{"id":7395,"href":"http:\/\/staging.ibermusicas.org\/index.php\/wp-json\/wp\/v2\/posts\/7393\/revisions\/7395"}],"wp:featuredmedia":[{"embeddable":true,"href":"http:\/\/staging.ibermusicas.org\/index.php\/wp-json\/wp\/v2\/media\/7394"}],"wp:attachment":[{"href":"http:\/\/staging.ibermusicas.org\/index.php\/wp-json\/wp\/v2\/media?parent=7393"}],"wp:term":[{"taxonomy":"category","embeddable":true,"href":"http:\/\/staging.ibermusicas.org\/index.php\/wp-json\/wp\/v2\/categories?post=7393"},{"taxonomy":"post_tag","embeddable":true,"href":"http:\/\/staging.ibermusicas.org\/index.php\/wp-json\/wp\/v2\/tags?post=7393"}],"curies":[{"name":"wp","href":"https:\/\/api.w.org\/{rel}","templated":true}]}}