{"id":7411,"date":"2018-05-07T18:49:54","date_gmt":"2018-05-07T18:49:54","guid":{"rendered":"http:\/\/staging.ibermusicas.org\/?p=7411"},"modified":"2021-06-24T18:50:56","modified_gmt":"2021-06-24T18:50:56","slug":"zona-lamm-lanza-su-nueva-convocatoria-para-un-laboratorio-de-artes-musicales-destinado-a-mujeres-edicion-2018","status":"publish","type":"post","link":"http:\/\/staging.ibermusicas.org\/index.php\/zona-lamm-lanza-su-nueva-convocatoria-para-un-laboratorio-de-artes-musicales-destinado-a-mujeres-edicion-2018\/","title":{"rendered":"Zona LAMM lanza su nueva convocatoria para un Laboratorio de Artes Musicales destinado a mujeres, edici\u00f3n 2018"},"content":{"rendered":"<p><span data-sheets-value=\"{&quot;1&quot;:2,&quot;2&quot;:&quot;La convocatoria est\u00e1 destinada a mujeres cantautoras o que trabajen con m\u00fasica, residentes en los pa\u00edses con convenio con Iberm\u00fasicas. Es una propuesta de residencia art\u00edstica que invita a la interacci\u00f3n de cinco mujeres artistas, de distintas formaciones y tradiciones musicales. &quot;}\" data-sheets-userformat=\"{&quot;2&quot;:513,&quot;3&quot;:{&quot;1&quot;:0},&quot;12&quot;:0}\">La convocatoria est\u00e1 destinada a mujeres cantautoras o que trabajen con m\u00fasica, residentes en los pa\u00edses con convenio con Iberm\u00fasicas. Es una propuesta de residencia art\u00edstica que invita a la interacci\u00f3n de cinco mujeres artistas, de distintas formaciones y tradiciones musicales. <\/span><\/p>\n","protected":false},"excerpt":{"rendered":"<p>La convocatoria est\u00e1 destinada a mujeres cantautoras o que trabajen con m\u00fasica, residentes en los pa\u00edses con convenio con Iberm\u00fasicas. Es una propuesta de residencia art\u00edstica que invita a la interacci\u00f3n de cinco mujeres artistas, de distintas formaciones y tradiciones musicales.<\/p>\n","protected":false},"author":1,"featured_media":7412,"comment_status":"closed","ping_status":"closed","sticky":false,"template":"","format":"standard","meta":{"footnotes":""},"categories":[53],"tags":[],"class_list":["post-7411","post","type-post","status-publish","format-standard","has-post-thumbnail","hentry","category-noticias-generales"],"lang":"es","translations":{"es":7411},"pll_sync_post":[],"post_mailing_queue_ids":[],"_links":{"self":[{"href":"http:\/\/staging.ibermusicas.org\/index.php\/wp-json\/wp\/v2\/posts\/7411","targetHints":{"allow":["GET"]}}],"collection":[{"href":"http:\/\/staging.ibermusicas.org\/index.php\/wp-json\/wp\/v2\/posts"}],"about":[{"href":"http:\/\/staging.ibermusicas.org\/index.php\/wp-json\/wp\/v2\/types\/post"}],"author":[{"embeddable":true,"href":"http:\/\/staging.ibermusicas.org\/index.php\/wp-json\/wp\/v2\/users\/1"}],"replies":[{"embeddable":true,"href":"http:\/\/staging.ibermusicas.org\/index.php\/wp-json\/wp\/v2\/comments?post=7411"}],"version-history":[{"count":1,"href":"http:\/\/staging.ibermusicas.org\/index.php\/wp-json\/wp\/v2\/posts\/7411\/revisions"}],"predecessor-version":[{"id":7413,"href":"http:\/\/staging.ibermusicas.org\/index.php\/wp-json\/wp\/v2\/posts\/7411\/revisions\/7413"}],"wp:featuredmedia":[{"embeddable":true,"href":"http:\/\/staging.ibermusicas.org\/index.php\/wp-json\/wp\/v2\/media\/7412"}],"wp:attachment":[{"href":"http:\/\/staging.ibermusicas.org\/index.php\/wp-json\/wp\/v2\/media?parent=7411"}],"wp:term":[{"taxonomy":"category","embeddable":true,"href":"http:\/\/staging.ibermusicas.org\/index.php\/wp-json\/wp\/v2\/categories?post=7411"},{"taxonomy":"post_tag","embeddable":true,"href":"http:\/\/staging.ibermusicas.org\/index.php\/wp-json\/wp\/v2\/tags?post=7411"}],"curies":[{"name":"wp","href":"https:\/\/api.w.org\/{rel}","templated":true}]}}