{"id":743,"date":"2020-04-20T12:49:00","date_gmt":"2020-04-20T12:49:00","guid":{"rendered":"http:\/\/democontent.codex-themes.com\/sites\/lifestyle-blog\/?p=743"},"modified":"2020-09-11T17:34:30","modified_gmt":"2020-09-11T17:34:30","slug":"ibermusicas-ante-la-actual-situacion-sanitaria-mundial","status":"publish","type":"post","link":"http:\/\/staging.ibermusicas.org\/index.php\/ibermusicas-ante-la-actual-situacion-sanitaria-mundial\/","title":{"rendered":"Iberm\u00fasicas ante la actual situaci\u00f3n sanitaria mundial"},"content":{"rendered":"<p>Todas y todos los que hacemos Iberm\u00fasicas lamentamos enormemente la situaci\u00f3n sanitaria actual. Sin embargo, quisi\u00e9ramos hacer hincapi\u00e9 en la resiliencia que propicia el sector cultural, que es capaz de transformar este momento de adversidad en un espacio de reflexi\u00f3n y de descubrimiento. Acompa\u00f1ando con creatividad y generosidad, a trav\u00e9s de festivales en balcones, recitales en vivo distribuidos por plataformas digitales en l\u00ednea, cursos gratuitos por la web, una gran oferta de contenido liberado, entre tantas otras propuestas y alternativas, es que podemos confirmar el invaluable valor que tiene la cultura en nuestras sociedades. Mientras la cultura del dinero cae, resurge la importancia del sentido y la trascendencia que nos brinda el arte, en el que la m\u00fasica tiene un lugar especial. Saldremos de esta situaci\u00f3n m\u00e1s fortalecidos.<\/p>\n<p>Por otro lado, comprendemos plenamente que esta situaci\u00f3n repercute fuertemente sobre las actividades de los proyectos apoyados por el Programa. Las y los Representantes de cada pa\u00eds, junto a la Unidad T\u00e9cnica, tenemos nuestro compromiso en acompa\u00f1ar cada uno de los casos y colaborar en la b\u00fasqueda de respuestas que aporten soluciones concretas a fin de que los proyectos perjudicados puedan ser reprogramados para su realizaci\u00f3n en alg\u00fan momento de este a\u00f1o o del siguiente.<\/p>\n<p>Tenemos esperanzas en que saldremos de esta crisis y que la salida ser\u00e1 trabajando juntas y juntos. Sabemos que pronto volveremos a nuestras actividades cotidianas siendo mejores.<\/p>\n","protected":false},"excerpt":{"rendered":"<p>Lorem ipsum dolor sit amet, consectetur adipisicing elit, sed do eiusmod tempor <br \/> incididunt ut labore et dolore magna aliqua.<\/p>\n","protected":false},"author":1,"featured_media":1904,"comment_status":"closed","ping_status":"closed","sticky":false,"template":"","format":"standard","meta":{"footnotes":""},"categories":[53],"tags":[],"class_list":["post-743","post","type-post","status-publish","format-standard","has-post-thumbnail","hentry","category-noticias-generales"],"lang":"es","translations":{"es":743,"pt":2405},"pll_sync_post":[],"post_mailing_queue_ids":[],"_links":{"self":[{"href":"http:\/\/staging.ibermusicas.org\/index.php\/wp-json\/wp\/v2\/posts\/743","targetHints":{"allow":["GET"]}}],"collection":[{"href":"http:\/\/staging.ibermusicas.org\/index.php\/wp-json\/wp\/v2\/posts"}],"about":[{"href":"http:\/\/staging.ibermusicas.org\/index.php\/wp-json\/wp\/v2\/types\/post"}],"author":[{"embeddable":true,"href":"http:\/\/staging.ibermusicas.org\/index.php\/wp-json\/wp\/v2\/users\/1"}],"replies":[{"embeddable":true,"href":"http:\/\/staging.ibermusicas.org\/index.php\/wp-json\/wp\/v2\/comments?post=743"}],"version-history":[{"count":4,"href":"http:\/\/staging.ibermusicas.org\/index.php\/wp-json\/wp\/v2\/posts\/743\/revisions"}],"predecessor-version":[{"id":1839,"href":"http:\/\/staging.ibermusicas.org\/index.php\/wp-json\/wp\/v2\/posts\/743\/revisions\/1839"}],"wp:featuredmedia":[{"embeddable":true,"href":"http:\/\/staging.ibermusicas.org\/index.php\/wp-json\/wp\/v2\/media\/1904"}],"wp:attachment":[{"href":"http:\/\/staging.ibermusicas.org\/index.php\/wp-json\/wp\/v2\/media?parent=743"}],"wp:term":[{"taxonomy":"category","embeddable":true,"href":"http:\/\/staging.ibermusicas.org\/index.php\/wp-json\/wp\/v2\/categories?post=743"},{"taxonomy":"post_tag","embeddable":true,"href":"http:\/\/staging.ibermusicas.org\/index.php\/wp-json\/wp\/v2\/tags?post=743"}],"curies":[{"name":"wp","href":"https:\/\/api.w.org\/{rel}","templated":true}]}}