{"id":7465,"date":"2018-05-02T09:52:06","date_gmt":"2018-05-02T09:52:06","guid":{"rendered":"http:\/\/staging.ibermusicas.org\/?p=7465"},"modified":"2021-07-01T09:53:32","modified_gmt":"2021-07-01T09:53:32","slug":"la-fundacion-tocando-madera-de-panama-inicia-una-nueva-edicion-de-sus-residencias-corredor-sonoro-panama-argentina-en-este-caso-con-la-participacion-del-argentino-yacare-manso-y-el","status":"publish","type":"post","link":"http:\/\/staging.ibermusicas.org\/index.php\/la-fundacion-tocando-madera-de-panama-inicia-una-nueva-edicion-de-sus-residencias-corredor-sonoro-panama-argentina-en-este-caso-con-la-participacion-del-argentino-yacare-manso-y-el\/","title":{"rendered":"La fundaci\u00f3n Tocando Madera de Panam\u00e1 inicia una nueva edici\u00f3n de sus residencias \u201cCorredor Sonoro Panam\u00e1 -Argentina\u201d en este caso con la participaci\u00f3n del argentino Yacar\u00e9 Manso y el paname\u00f1o Germ\u00e1n Pinz\u00f3n Jim\u00e9nez"},"content":{"rendered":"<p><span data-sheets-value=\"{&quot;1&quot;:2,&quot;2&quot;:&quot;El Corredor Sonoro Panam\u00e1 \u2013 Argentina, Laboratorio de Canciones, es un corredor de circulaci\u00f3n de artistas que busca conectar a cantautores de Panam\u00e1 y Argentina con el objetivo de enlazar las m\u00fasicas del sur del continente con las de Centro Am\u00e9rica en un ida y vuelta. &quot;}\" data-sheets-userformat=\"{&quot;2&quot;:513,&quot;3&quot;:{&quot;1&quot;:0},&quot;12&quot;:0}\">El Corredor Sonoro Panam\u00e1 \u2013 Argentina, Laboratorio de Canciones, es un corredor de circulaci\u00f3n de artistas que busca conectar a cantautores de Panam\u00e1 y Argentina con el objetivo de enlazar las m\u00fasicas del sur del continente con las de Centro Am\u00e9rica en un ida y vuelta. <\/span><\/p>\n","protected":false},"excerpt":{"rendered":"<p>El Corredor Sonoro Panam\u00e1 \u2013 Argentina, Laboratorio de Canciones, es un corredor de circulaci\u00f3n de artistas que busca conectar a cantautores de Panam\u00e1 y Argentina con el objetivo de enlazar las m\u00fasicas del sur del continente con las de Centro Am\u00e9rica en un ida y vuelta.<\/p>\n","protected":false},"author":1,"featured_media":7466,"comment_status":"closed","ping_status":"closed","sticky":false,"template":"","format":"standard","meta":{"footnotes":""},"categories":[53],"tags":[],"class_list":["post-7465","post","type-post","status-publish","format-standard","has-post-thumbnail","hentry","category-noticias-generales"],"lang":"es","translations":{"es":7465},"pll_sync_post":[],"post_mailing_queue_ids":[],"_links":{"self":[{"href":"http:\/\/staging.ibermusicas.org\/index.php\/wp-json\/wp\/v2\/posts\/7465","targetHints":{"allow":["GET"]}}],"collection":[{"href":"http:\/\/staging.ibermusicas.org\/index.php\/wp-json\/wp\/v2\/posts"}],"about":[{"href":"http:\/\/staging.ibermusicas.org\/index.php\/wp-json\/wp\/v2\/types\/post"}],"author":[{"embeddable":true,"href":"http:\/\/staging.ibermusicas.org\/index.php\/wp-json\/wp\/v2\/users\/1"}],"replies":[{"embeddable":true,"href":"http:\/\/staging.ibermusicas.org\/index.php\/wp-json\/wp\/v2\/comments?post=7465"}],"version-history":[{"count":1,"href":"http:\/\/staging.ibermusicas.org\/index.php\/wp-json\/wp\/v2\/posts\/7465\/revisions"}],"predecessor-version":[{"id":7467,"href":"http:\/\/staging.ibermusicas.org\/index.php\/wp-json\/wp\/v2\/posts\/7465\/revisions\/7467"}],"wp:featuredmedia":[{"embeddable":true,"href":"http:\/\/staging.ibermusicas.org\/index.php\/wp-json\/wp\/v2\/media\/7466"}],"wp:attachment":[{"href":"http:\/\/staging.ibermusicas.org\/index.php\/wp-json\/wp\/v2\/media?parent=7465"}],"wp:term":[{"taxonomy":"category","embeddable":true,"href":"http:\/\/staging.ibermusicas.org\/index.php\/wp-json\/wp\/v2\/categories?post=7465"},{"taxonomy":"post_tag","embeddable":true,"href":"http:\/\/staging.ibermusicas.org\/index.php\/wp-json\/wp\/v2\/tags?post=7465"}],"curies":[{"name":"wp","href":"https:\/\/api.w.org\/{rel}","templated":true}]}}