{"id":7471,"date":"2021-06-01T09:55:34","date_gmt":"2021-06-01T09:55:34","guid":{"rendered":"http:\/\/staging.ibermusicas.org\/?p=7471"},"modified":"2021-07-01T09:56:47","modified_gmt":"2021-07-01T09:56:47","slug":"la-artista-brasilena-iria-braga-realizara-una-serie-de-conciertos-en-argentina","status":"publish","type":"post","link":"http:\/\/staging.ibermusicas.org\/index.php\/la-artista-brasilena-iria-braga-realizara-una-serie-de-conciertos-en-argentina\/","title":{"rendered":"La artista brasile\u00f1a Ir\u00eda Braga realizar\u00e1 una serie de conciertos en Argentina"},"content":{"rendered":"<p><span data-sheets-value=\"{&quot;1&quot;:2,&quot;2&quot;:&quot;Iria Braga es cantante, conductora televisiva y actriz. Naci\u00f3 en Curitiba - Paran\u00e1 (Brasil) y es considerada una artista de mucho \u00e9xito en el panorama art\u00edstico del estado. Tiene 17 a\u00f1os de carrera art\u00edstica, su trabajo es especialmente reconocido por su versatilidad en la mezcla de elementos que trae del teatro a sus producciones musicales.&quot;}\" data-sheets-userformat=\"{&quot;2&quot;:513,&quot;3&quot;:{&quot;1&quot;:0},&quot;12&quot;:0}\">Iria Braga es cantante, conductora televisiva y actriz. Naci\u00f3 en Curitiba &#8211; Paran\u00e1 (Brasil) y es considerada una artista de mucho \u00e9xito en el panorama art\u00edstico del estado. Tiene 17 a\u00f1os de carrera art\u00edstica, su trabajo es especialmente reconocido por su versatilidad en la mezcla de elementos que trae del teatro a sus producciones musicales.<\/span><\/p>\n","protected":false},"excerpt":{"rendered":"<p>Iria Braga es cantante, conductora televisiva y actriz. Naci\u00f3 en Curitiba &#8211; Paran\u00e1 (Brasil) y es considerada una artista de mucho \u00e9xito en el panorama art\u00edstico del estado. Tiene 17 a\u00f1os de carrera art\u00edstica, su trabajo es especialmente reconocido por su versatilidad en la mezcla de elementos que trae del teatro a sus producciones musicales.<\/p>\n","protected":false},"author":1,"featured_media":7472,"comment_status":"closed","ping_status":"closed","sticky":false,"template":"","format":"standard","meta":{"footnotes":""},"categories":[53],"tags":[],"class_list":["post-7471","post","type-post","status-publish","format-standard","has-post-thumbnail","hentry","category-noticias-generales"],"lang":"es","translations":{"es":7471},"pll_sync_post":[],"post_mailing_queue_ids":[],"_links":{"self":[{"href":"http:\/\/staging.ibermusicas.org\/index.php\/wp-json\/wp\/v2\/posts\/7471","targetHints":{"allow":["GET"]}}],"collection":[{"href":"http:\/\/staging.ibermusicas.org\/index.php\/wp-json\/wp\/v2\/posts"}],"about":[{"href":"http:\/\/staging.ibermusicas.org\/index.php\/wp-json\/wp\/v2\/types\/post"}],"author":[{"embeddable":true,"href":"http:\/\/staging.ibermusicas.org\/index.php\/wp-json\/wp\/v2\/users\/1"}],"replies":[{"embeddable":true,"href":"http:\/\/staging.ibermusicas.org\/index.php\/wp-json\/wp\/v2\/comments?post=7471"}],"version-history":[{"count":1,"href":"http:\/\/staging.ibermusicas.org\/index.php\/wp-json\/wp\/v2\/posts\/7471\/revisions"}],"predecessor-version":[{"id":7473,"href":"http:\/\/staging.ibermusicas.org\/index.php\/wp-json\/wp\/v2\/posts\/7471\/revisions\/7473"}],"wp:featuredmedia":[{"embeddable":true,"href":"http:\/\/staging.ibermusicas.org\/index.php\/wp-json\/wp\/v2\/media\/7472"}],"wp:attachment":[{"href":"http:\/\/staging.ibermusicas.org\/index.php\/wp-json\/wp\/v2\/media?parent=7471"}],"wp:term":[{"taxonomy":"category","embeddable":true,"href":"http:\/\/staging.ibermusicas.org\/index.php\/wp-json\/wp\/v2\/categories?post=7471"},{"taxonomy":"post_tag","embeddable":true,"href":"http:\/\/staging.ibermusicas.org\/index.php\/wp-json\/wp\/v2\/tags?post=7471"}],"curies":[{"name":"wp","href":"https:\/\/api.w.org\/{rel}","templated":true}]}}