{"id":7474,"date":"2018-07-01T09:56:54","date_gmt":"2018-07-01T09:56:54","guid":{"rendered":"http:\/\/staging.ibermusicas.org\/?p=7474"},"modified":"2021-07-01T09:58:14","modified_gmt":"2021-07-01T09:58:14","slug":"el-trio-argentino-greco-weintraub-enrich-lleva-su-propuesta-tanguistica-al-festival-internacional-de-tango-de-medellin-colombia","status":"publish","type":"post","link":"http:\/\/staging.ibermusicas.org\/index.php\/el-trio-argentino-greco-weintraub-enrich-lleva-su-propuesta-tanguistica-al-festival-internacional-de-tango-de-medellin-colombia\/","title":{"rendered":"El tr\u00edo argentino Greco \u2013 Weintraub \u2013 Enrich lleva su propuesta tangu\u00edstica al Festival Internacional de Tango de Medell\u00edn, Colombia"},"content":{"rendered":"<p><span data-sheets-value=\"{&quot;1&quot;:2,&quot;2&quot;:&quot;Siguiendo la tradici\u00f3n de los grandes tr\u00edos de tango de la ciudad de Buenos Aires, el tr\u00edo conformado por Emiliano Greco en piano, Javier Weintraub en viol\u00edn y Nicol\u00e1s Enrich en bandone\u00f3n llevar\u00e1 el tango, la m\u00fasica que es se\u00f1al de identidad de la ciudad de Buenos Aires a Medell\u00edn, una de las ciudades del mundo con mayor peso simb\u00f3lico, conocimiento y amor por \u00e9sta maravillosa expresi\u00f3n art\u00edstica. &quot;}\" data-sheets-userformat=\"{&quot;2&quot;:513,&quot;3&quot;:{&quot;1&quot;:0},&quot;12&quot;:0}\">Siguiendo la tradici\u00f3n de los grandes tr\u00edos de tango de la ciudad de Buenos Aires, el tr\u00edo conformado por Emiliano Greco en piano, Javier Weintraub en viol\u00edn y Nicol\u00e1s Enrich en bandone\u00f3n llevar\u00e1 el tango, la m\u00fasica que es se\u00f1al de identidad de la ciudad de Buenos Aires a Medell\u00edn, una de las ciudades del mundo con mayor peso simb\u00f3lico, conocimiento y amor por \u00e9sta maravillosa expresi\u00f3n art\u00edstica. <\/span><\/p>\n","protected":false},"excerpt":{"rendered":"<p>Siguiendo la tradici\u00f3n de los grandes tr\u00edos de tango de la ciudad de Buenos Aires, el tr\u00edo conformado por Emiliano Greco en piano, Javier Weintraub en viol\u00edn y Nicol\u00e1s Enrich en bandone\u00f3n llevar\u00e1 el tango, la m\u00fasica que es se\u00f1al de identidad de la ciudad de Buenos Aires a Medell\u00edn, una de las ciudades del [&hellip;]<\/p>\n","protected":false},"author":1,"featured_media":7475,"comment_status":"closed","ping_status":"closed","sticky":false,"template":"","format":"standard","meta":{"footnotes":""},"categories":[53],"tags":[],"class_list":["post-7474","post","type-post","status-publish","format-standard","has-post-thumbnail","hentry","category-noticias-generales"],"lang":"es","translations":{"es":7474},"pll_sync_post":[],"post_mailing_queue_ids":[],"_links":{"self":[{"href":"http:\/\/staging.ibermusicas.org\/index.php\/wp-json\/wp\/v2\/posts\/7474","targetHints":{"allow":["GET"]}}],"collection":[{"href":"http:\/\/staging.ibermusicas.org\/index.php\/wp-json\/wp\/v2\/posts"}],"about":[{"href":"http:\/\/staging.ibermusicas.org\/index.php\/wp-json\/wp\/v2\/types\/post"}],"author":[{"embeddable":true,"href":"http:\/\/staging.ibermusicas.org\/index.php\/wp-json\/wp\/v2\/users\/1"}],"replies":[{"embeddable":true,"href":"http:\/\/staging.ibermusicas.org\/index.php\/wp-json\/wp\/v2\/comments?post=7474"}],"version-history":[{"count":1,"href":"http:\/\/staging.ibermusicas.org\/index.php\/wp-json\/wp\/v2\/posts\/7474\/revisions"}],"predecessor-version":[{"id":7476,"href":"http:\/\/staging.ibermusicas.org\/index.php\/wp-json\/wp\/v2\/posts\/7474\/revisions\/7476"}],"wp:featuredmedia":[{"embeddable":true,"href":"http:\/\/staging.ibermusicas.org\/index.php\/wp-json\/wp\/v2\/media\/7475"}],"wp:attachment":[{"href":"http:\/\/staging.ibermusicas.org\/index.php\/wp-json\/wp\/v2\/media?parent=7474"}],"wp:term":[{"taxonomy":"category","embeddable":true,"href":"http:\/\/staging.ibermusicas.org\/index.php\/wp-json\/wp\/v2\/categories?post=7474"},{"taxonomy":"post_tag","embeddable":true,"href":"http:\/\/staging.ibermusicas.org\/index.php\/wp-json\/wp\/v2\/tags?post=7474"}],"curies":[{"name":"wp","href":"https:\/\/api.w.org\/{rel}","templated":true}]}}