{"id":7477,"date":"2018-06-11T09:58:28","date_gmt":"2018-06-11T09:58:28","guid":{"rendered":"http:\/\/staging.ibermusicas.org\/?p=7477"},"modified":"2021-07-01T09:59:32","modified_gmt":"2021-07-01T09:59:32","slug":"desde-paraguay-rene-ayala-y-el-ensamble-experimental-electro-acustico-campanellas-llevan-su-propuesta-a-la-universidad-mayor-de-san-andres-en-bolivia","status":"publish","type":"post","link":"http:\/\/staging.ibermusicas.org\/index.php\/desde-paraguay-rene-ayala-y-el-ensamble-experimental-electro-acustico-campanellas-llevan-su-propuesta-a-la-universidad-mayor-de-san-andres-en-bolivia\/","title":{"rendered":"Desde Paraguay, Ren\u00e9 Ayala y el Ensamble Experimental Electro Ac\u00fastico Campanellas llevan su propuesta a la Universidad Mayor de San Andr\u00e9s en Bolivia"},"content":{"rendered":"<p><span data-sheets-value=\"{&quot;1&quot;:2,&quot;2&quot;:&quot;El proyecto de m\u00fasica experimental electrocoac\u00fastica Campanellas celebr\u00f3 este a\u00f1o sus dos d\u00e9cadas de actividad bajo la direcci\u00f3n creativa del flautista Ren\u00e9 Ayala. &quot;}\" data-sheets-userformat=\"{&quot;2&quot;:515,&quot;3&quot;:{&quot;1&quot;:0},&quot;4&quot;:{&quot;1&quot;:2,&quot;2&quot;:13822754},&quot;12&quot;:0}\">El proyecto de m\u00fasica experimental electrocoac\u00fastica Campanellas celebr\u00f3 este a\u00f1o sus dos d\u00e9cadas de actividad bajo la direcci\u00f3n creativa del flautista Ren\u00e9 Ayala. <\/span><\/p>\n","protected":false},"excerpt":{"rendered":"<p>El proyecto de m\u00fasica experimental electrocoac\u00fastica Campanellas celebr\u00f3 este a\u00f1o sus dos d\u00e9cadas de actividad bajo la direcci\u00f3n creativa del flautista Ren\u00e9 Ayala.<\/p>\n","protected":false},"author":1,"featured_media":7478,"comment_status":"closed","ping_status":"closed","sticky":false,"template":"","format":"standard","meta":{"footnotes":""},"categories":[53],"tags":[],"class_list":["post-7477","post","type-post","status-publish","format-standard","has-post-thumbnail","hentry","category-noticias-generales"],"lang":"es","translations":{"es":7477},"pll_sync_post":[],"post_mailing_queue_ids":[],"_links":{"self":[{"href":"http:\/\/staging.ibermusicas.org\/index.php\/wp-json\/wp\/v2\/posts\/7477","targetHints":{"allow":["GET"]}}],"collection":[{"href":"http:\/\/staging.ibermusicas.org\/index.php\/wp-json\/wp\/v2\/posts"}],"about":[{"href":"http:\/\/staging.ibermusicas.org\/index.php\/wp-json\/wp\/v2\/types\/post"}],"author":[{"embeddable":true,"href":"http:\/\/staging.ibermusicas.org\/index.php\/wp-json\/wp\/v2\/users\/1"}],"replies":[{"embeddable":true,"href":"http:\/\/staging.ibermusicas.org\/index.php\/wp-json\/wp\/v2\/comments?post=7477"}],"version-history":[{"count":2,"href":"http:\/\/staging.ibermusicas.org\/index.php\/wp-json\/wp\/v2\/posts\/7477\/revisions"}],"predecessor-version":[{"id":7480,"href":"http:\/\/staging.ibermusicas.org\/index.php\/wp-json\/wp\/v2\/posts\/7477\/revisions\/7480"}],"wp:featuredmedia":[{"embeddable":true,"href":"http:\/\/staging.ibermusicas.org\/index.php\/wp-json\/wp\/v2\/media\/7478"}],"wp:attachment":[{"href":"http:\/\/staging.ibermusicas.org\/index.php\/wp-json\/wp\/v2\/media?parent=7477"}],"wp:term":[{"taxonomy":"category","embeddable":true,"href":"http:\/\/staging.ibermusicas.org\/index.php\/wp-json\/wp\/v2\/categories?post=7477"},{"taxonomy":"post_tag","embeddable":true,"href":"http:\/\/staging.ibermusicas.org\/index.php\/wp-json\/wp\/v2\/tags?post=7477"}],"curies":[{"name":"wp","href":"https:\/\/api.w.org\/{rel}","templated":true}]}}