{"id":7481,"date":"2018-08-01T09:59:43","date_gmt":"2018-08-01T09:59:43","guid":{"rendered":"http:\/\/staging.ibermusicas.org\/?p=7481"},"modified":"2021-07-01T10:00:44","modified_gmt":"2021-07-01T10:00:44","slug":"el-circulo-colombiano-de-musica-contemporanea-recibe-al-compositor-mexicano-victor-ibarra-quien-realizara-una-residencia-creativa-junto-al-ensamble-cg-de-colombia","status":"publish","type":"post","link":"http:\/\/staging.ibermusicas.org\/index.php\/el-circulo-colombiano-de-musica-contemporanea-recibe-al-compositor-mexicano-victor-ibarra-quien-realizara-una-residencia-creativa-junto-al-ensamble-cg-de-colombia\/","title":{"rendered":"El C\u00edrculo Colombiano de M\u00fasica Contempor\u00e1nea recibe al compositor mexicano V\u00edctor Ibarra quien realizar\u00e1 una residencia creativa junto al Ensamble CG de Colombia"},"content":{"rendered":"<p><span data-sheets-value=\"{&quot;1&quot;:2,&quot;2&quot;:&quot;Durante el mes de junio V\u00edctor Ibarra estar\u00e1 desarrollando en Bogot\u00e1 la primera etapa de su Residencia Art\u00edstica, organizada por el C\u00edrculo Colombiano de M\u00fasica Contempor\u00e1nea. &quot;}\" data-sheets-userformat=\"{&quot;2&quot;:513,&quot;3&quot;:{&quot;1&quot;:0},&quot;12&quot;:0}\">Durante el mes de junio V\u00edctor Ibarra estar\u00e1 desarrollando en Bogot\u00e1 la primera etapa de su Residencia Art\u00edstica, organizada por el C\u00edrculo Colombiano de M\u00fasica Contempor\u00e1nea. <\/span><\/p>\n","protected":false},"excerpt":{"rendered":"<p>Durante el mes de junio V\u00edctor Ibarra estar\u00e1 desarrollando en Bogot\u00e1 la primera etapa de su Residencia Art\u00edstica, organizada por el C\u00edrculo Colombiano de M\u00fasica Contempor\u00e1nea.<\/p>\n","protected":false},"author":1,"featured_media":7482,"comment_status":"closed","ping_status":"closed","sticky":false,"template":"","format":"standard","meta":{"footnotes":""},"categories":[53],"tags":[],"class_list":["post-7481","post","type-post","status-publish","format-standard","has-post-thumbnail","hentry","category-noticias-generales"],"lang":"es","translations":{"es":7481},"pll_sync_post":[],"post_mailing_queue_ids":[],"_links":{"self":[{"href":"http:\/\/staging.ibermusicas.org\/index.php\/wp-json\/wp\/v2\/posts\/7481","targetHints":{"allow":["GET"]}}],"collection":[{"href":"http:\/\/staging.ibermusicas.org\/index.php\/wp-json\/wp\/v2\/posts"}],"about":[{"href":"http:\/\/staging.ibermusicas.org\/index.php\/wp-json\/wp\/v2\/types\/post"}],"author":[{"embeddable":true,"href":"http:\/\/staging.ibermusicas.org\/index.php\/wp-json\/wp\/v2\/users\/1"}],"replies":[{"embeddable":true,"href":"http:\/\/staging.ibermusicas.org\/index.php\/wp-json\/wp\/v2\/comments?post=7481"}],"version-history":[{"count":1,"href":"http:\/\/staging.ibermusicas.org\/index.php\/wp-json\/wp\/v2\/posts\/7481\/revisions"}],"predecessor-version":[{"id":7483,"href":"http:\/\/staging.ibermusicas.org\/index.php\/wp-json\/wp\/v2\/posts\/7481\/revisions\/7483"}],"wp:featuredmedia":[{"embeddable":true,"href":"http:\/\/staging.ibermusicas.org\/index.php\/wp-json\/wp\/v2\/media\/7482"}],"wp:attachment":[{"href":"http:\/\/staging.ibermusicas.org\/index.php\/wp-json\/wp\/v2\/media?parent=7481"}],"wp:term":[{"taxonomy":"category","embeddable":true,"href":"http:\/\/staging.ibermusicas.org\/index.php\/wp-json\/wp\/v2\/categories?post=7481"},{"taxonomy":"post_tag","embeddable":true,"href":"http:\/\/staging.ibermusicas.org\/index.php\/wp-json\/wp\/v2\/tags?post=7481"}],"curies":[{"name":"wp","href":"https:\/\/api.w.org\/{rel}","templated":true}]}}