{"id":7487,"date":"2018-08-06T10:02:01","date_gmt":"2018-08-06T10:02:01","guid":{"rendered":"http:\/\/staging.ibermusicas.org\/?p=7487"},"modified":"2021-07-01T10:03:06","modified_gmt":"2021-07-01T10:03:06","slug":"el-conjunto-mexicano-juan-alzate-cuarteto-lleva-su-musica-a-la-argentina","status":"publish","type":"post","link":"http:\/\/staging.ibermusicas.org\/index.php\/el-conjunto-mexicano-juan-alzate-cuarteto-lleva-su-musica-a-la-argentina\/","title":{"rendered":"El conjunto mexicano, Juan Alzate Cuarteto, lleva su m\u00fasica a la Argentina"},"content":{"rendered":"<p><span data-sheets-value=\"{&quot;1&quot;:2,&quot;2&quot;:&quot;El Cuarteto de Jazz de Juan Alzate es el grupo de jazz m\u00e1s s\u00f3lido y propositivo en Michoac\u00e1n y uno de los m\u00e1s importantes de M\u00e9xico. &quot;}\" data-sheets-userformat=\"{&quot;2&quot;:513,&quot;3&quot;:{&quot;1&quot;:0},&quot;12&quot;:0}\">El Cuarteto de Jazz de Juan Alzate es el grupo de jazz m\u00e1s s\u00f3lido y propositivo en Michoac\u00e1n y uno de los m\u00e1s importantes de M\u00e9xico. <\/span><\/p>\n","protected":false},"excerpt":{"rendered":"<p>El Cuarteto de Jazz de Juan Alzate es el grupo de jazz m\u00e1s s\u00f3lido y propositivo en Michoac\u00e1n y uno de los m\u00e1s importantes de M\u00e9xico.<\/p>\n","protected":false},"author":1,"featured_media":7488,"comment_status":"closed","ping_status":"closed","sticky":false,"template":"","format":"standard","meta":{"footnotes":""},"categories":[53],"tags":[],"class_list":["post-7487","post","type-post","status-publish","format-standard","has-post-thumbnail","hentry","category-noticias-generales"],"lang":"es","translations":{"es":7487},"pll_sync_post":[],"post_mailing_queue_ids":[],"_links":{"self":[{"href":"http:\/\/staging.ibermusicas.org\/index.php\/wp-json\/wp\/v2\/posts\/7487","targetHints":{"allow":["GET"]}}],"collection":[{"href":"http:\/\/staging.ibermusicas.org\/index.php\/wp-json\/wp\/v2\/posts"}],"about":[{"href":"http:\/\/staging.ibermusicas.org\/index.php\/wp-json\/wp\/v2\/types\/post"}],"author":[{"embeddable":true,"href":"http:\/\/staging.ibermusicas.org\/index.php\/wp-json\/wp\/v2\/users\/1"}],"replies":[{"embeddable":true,"href":"http:\/\/staging.ibermusicas.org\/index.php\/wp-json\/wp\/v2\/comments?post=7487"}],"version-history":[{"count":1,"href":"http:\/\/staging.ibermusicas.org\/index.php\/wp-json\/wp\/v2\/posts\/7487\/revisions"}],"predecessor-version":[{"id":7489,"href":"http:\/\/staging.ibermusicas.org\/index.php\/wp-json\/wp\/v2\/posts\/7487\/revisions\/7489"}],"wp:featuredmedia":[{"embeddable":true,"href":"http:\/\/staging.ibermusicas.org\/index.php\/wp-json\/wp\/v2\/media\/7488"}],"wp:attachment":[{"href":"http:\/\/staging.ibermusicas.org\/index.php\/wp-json\/wp\/v2\/media?parent=7487"}],"wp:term":[{"taxonomy":"category","embeddable":true,"href":"http:\/\/staging.ibermusicas.org\/index.php\/wp-json\/wp\/v2\/categories?post=7487"},{"taxonomy":"post_tag","embeddable":true,"href":"http:\/\/staging.ibermusicas.org\/index.php\/wp-json\/wp\/v2\/tags?post=7487"}],"curies":[{"name":"wp","href":"https:\/\/api.w.org\/{rel}","templated":true}]}}