{"id":7490,"date":"2018-05-15T10:03:12","date_gmt":"2018-05-15T10:03:12","guid":{"rendered":"http:\/\/staging.ibermusicas.org\/?p=7490"},"modified":"2021-07-01T10:05:12","modified_gmt":"2021-07-01T10:05:12","slug":"en-panama-comenzo-la-xii-edicion-del-festival-internacional-de-musica-alfredo-de-saint-malo","status":"publish","type":"post","link":"http:\/\/staging.ibermusicas.org\/index.php\/en-panama-comenzo-la-xii-edicion-del-festival-internacional-de-musica-alfredo-de-saint-malo\/","title":{"rendered":"En Panam\u00e1 comenz\u00f3 la XII edici\u00f3n del Festival Internacional de M\u00fasica Alfredo De Saint Malo"},"content":{"rendered":"<p><span data-sheets-value=\"{&quot;1&quot;:2,&quot;2&quot;:&quot;El Alfredo de Saint Malo Festival 2018 es un proyecto creado por la Fundaci\u00f3n Sinfon\u00eda Concertante de Panam\u00e1 (FUNSINCOPA), con el prop\u00f3sito de reunir a m\u00fasicos nacionales e internacionales en un gran intercambio cultural y art\u00edstico, a trav\u00e9s de diversas actividades que enriquecen sus conocimientos y pasi\u00f3n musical; a la vez de incrementar la oferta cultural art\u00edstica de Panam\u00e1, ofreciendo conciertos de m\u00fasica cl\u00e1sica del m\u00e1s alto nivel. &quot;}\" data-sheets-userformat=\"{&quot;2&quot;:513,&quot;3&quot;:{&quot;1&quot;:0},&quot;12&quot;:0}\">El Alfredo de Saint Malo Festival 2018 es un proyecto creado por la Fundaci\u00f3n Sinfon\u00eda Concertante de Panam\u00e1 (FUNSINCOPA), con el prop\u00f3sito de reunir a m\u00fasicos nacionales e internacionales en un gran intercambio cultural y art\u00edstico, a trav\u00e9s de diversas actividades que enriquecen sus conocimientos y pasi\u00f3n musical; a la vez de incrementar la oferta cultural art\u00edstica de Panam\u00e1, ofreciendo conciertos de m\u00fasica cl\u00e1sica del m\u00e1s alto nivel. <\/span><\/p>\n","protected":false},"excerpt":{"rendered":"<p>El Alfredo de Saint Malo Festival 2018 es un proyecto creado por la Fundaci\u00f3n Sinfon\u00eda Concertante de Panam\u00e1 (FUNSINCOPA), con el prop\u00f3sito de reunir a m\u00fasicos nacionales e internacionales en un gran intercambio cultural y art\u00edstico, a trav\u00e9s de diversas actividades que enriquecen sus conocimientos y pasi\u00f3n musical; a la vez de incrementar la oferta [&hellip;]<\/p>\n","protected":false},"author":1,"featured_media":7491,"comment_status":"closed","ping_status":"closed","sticky":false,"template":"","format":"standard","meta":{"footnotes":""},"categories":[53],"tags":[],"class_list":["post-7490","post","type-post","status-publish","format-standard","has-post-thumbnail","hentry","category-noticias-generales"],"lang":"es","translations":{"es":7490},"pll_sync_post":[],"post_mailing_queue_ids":[],"_links":{"self":[{"href":"http:\/\/staging.ibermusicas.org\/index.php\/wp-json\/wp\/v2\/posts\/7490","targetHints":{"allow":["GET"]}}],"collection":[{"href":"http:\/\/staging.ibermusicas.org\/index.php\/wp-json\/wp\/v2\/posts"}],"about":[{"href":"http:\/\/staging.ibermusicas.org\/index.php\/wp-json\/wp\/v2\/types\/post"}],"author":[{"embeddable":true,"href":"http:\/\/staging.ibermusicas.org\/index.php\/wp-json\/wp\/v2\/users\/1"}],"replies":[{"embeddable":true,"href":"http:\/\/staging.ibermusicas.org\/index.php\/wp-json\/wp\/v2\/comments?post=7490"}],"version-history":[{"count":1,"href":"http:\/\/staging.ibermusicas.org\/index.php\/wp-json\/wp\/v2\/posts\/7490\/revisions"}],"predecessor-version":[{"id":7492,"href":"http:\/\/staging.ibermusicas.org\/index.php\/wp-json\/wp\/v2\/posts\/7490\/revisions\/7492"}],"wp:featuredmedia":[{"embeddable":true,"href":"http:\/\/staging.ibermusicas.org\/index.php\/wp-json\/wp\/v2\/media\/7491"}],"wp:attachment":[{"href":"http:\/\/staging.ibermusicas.org\/index.php\/wp-json\/wp\/v2\/media?parent=7490"}],"wp:term":[{"taxonomy":"category","embeddable":true,"href":"http:\/\/staging.ibermusicas.org\/index.php\/wp-json\/wp\/v2\/categories?post=7490"},{"taxonomy":"post_tag","embeddable":true,"href":"http:\/\/staging.ibermusicas.org\/index.php\/wp-json\/wp\/v2\/tags?post=7490"}],"curies":[{"name":"wp","href":"https:\/\/api.w.org\/{rel}","templated":true}]}}