{"id":7493,"date":"2018-06-06T10:05:19","date_gmt":"2018-06-06T10:05:19","guid":{"rendered":"http:\/\/staging.ibermusicas.org\/?p=7493"},"modified":"2021-07-01T10:06:22","modified_gmt":"2021-07-01T10:06:22","slug":"dakel-percusion-el-ensamble-de-percusion-chileno-sera-parte-del-xii-festival-de-flauta-y-percusion-de-tegucigalpa-honduras-2018","status":"publish","type":"post","link":"http:\/\/staging.ibermusicas.org\/index.php\/dakel-percusion-el-ensamble-de-percusion-chileno-sera-parte-del-xii-festival-de-flauta-y-percusion-de-tegucigalpa-honduras-2018\/","title":{"rendered":"Dakel Percusi\u00f3n, el ensamble de percusi\u00f3n chileno ser\u00e1 parte del XII Festival de Flauta y Percusi\u00f3n de Tegucigalpa, Honduras 2018"},"content":{"rendered":"<p><span data-sheets-value=\"{&quot;1&quot;:2,&quot;2&quot;:&quot;Dakel Percusi\u00f3n visitar\u00e1 Honduras por primera vez y junto a sus conciertos realizar\u00e1 diversas actividades de formaci\u00f3n. &quot;}\" data-sheets-userformat=\"{&quot;2&quot;:513,&quot;3&quot;:{&quot;1&quot;:0},&quot;12&quot;:0}\">Dakel Percusi\u00f3n visitar\u00e1 Honduras por primera vez y junto a sus conciertos realizar\u00e1 diversas actividades de formaci\u00f3n. <\/span><\/p>\n","protected":false},"excerpt":{"rendered":"<p>Dakel Percusi\u00f3n visitar\u00e1 Honduras por primera vez y junto a sus conciertos realizar\u00e1 diversas actividades de formaci\u00f3n.<\/p>\n","protected":false},"author":1,"featured_media":7494,"comment_status":"closed","ping_status":"closed","sticky":false,"template":"","format":"standard","meta":{"footnotes":""},"categories":[53],"tags":[],"class_list":["post-7493","post","type-post","status-publish","format-standard","has-post-thumbnail","hentry","category-noticias-generales"],"lang":"es","translations":{"es":7493},"pll_sync_post":[],"post_mailing_queue_ids":[],"_links":{"self":[{"href":"http:\/\/staging.ibermusicas.org\/index.php\/wp-json\/wp\/v2\/posts\/7493","targetHints":{"allow":["GET"]}}],"collection":[{"href":"http:\/\/staging.ibermusicas.org\/index.php\/wp-json\/wp\/v2\/posts"}],"about":[{"href":"http:\/\/staging.ibermusicas.org\/index.php\/wp-json\/wp\/v2\/types\/post"}],"author":[{"embeddable":true,"href":"http:\/\/staging.ibermusicas.org\/index.php\/wp-json\/wp\/v2\/users\/1"}],"replies":[{"embeddable":true,"href":"http:\/\/staging.ibermusicas.org\/index.php\/wp-json\/wp\/v2\/comments?post=7493"}],"version-history":[{"count":1,"href":"http:\/\/staging.ibermusicas.org\/index.php\/wp-json\/wp\/v2\/posts\/7493\/revisions"}],"predecessor-version":[{"id":7495,"href":"http:\/\/staging.ibermusicas.org\/index.php\/wp-json\/wp\/v2\/posts\/7493\/revisions\/7495"}],"wp:featuredmedia":[{"embeddable":true,"href":"http:\/\/staging.ibermusicas.org\/index.php\/wp-json\/wp\/v2\/media\/7494"}],"wp:attachment":[{"href":"http:\/\/staging.ibermusicas.org\/index.php\/wp-json\/wp\/v2\/media?parent=7493"}],"wp:term":[{"taxonomy":"category","embeddable":true,"href":"http:\/\/staging.ibermusicas.org\/index.php\/wp-json\/wp\/v2\/categories?post=7493"},{"taxonomy":"post_tag","embeddable":true,"href":"http:\/\/staging.ibermusicas.org\/index.php\/wp-json\/wp\/v2\/tags?post=7493"}],"curies":[{"name":"wp","href":"https:\/\/api.w.org\/{rel}","templated":true}]}}