{"id":7496,"date":"2018-06-11T10:06:39","date_gmt":"2018-06-11T10:06:39","guid":{"rendered":"http:\/\/staging.ibermusicas.org\/?p=7496"},"modified":"2021-07-01T14:14:51","modified_gmt":"2021-07-01T14:14:51","slug":"la-agrupacion-costarricense-infibeat-realizara-una-gira-por-diversos-escenarios-de-mexico","status":"publish","type":"post","link":"http:\/\/staging.ibermusicas.org\/index.php\/la-agrupacion-costarricense-infibeat-realizara-una-gira-por-diversos-escenarios-de-mexico\/","title":{"rendered":"La agrupaci\u00f3n costarricense Infibeat realizar\u00e1 una gira por diversos escenarios de M\u00e9xico"},"content":{"rendered":"<p><span data-sheets-value=\"{&quot;1&quot;:2,&quot;2&quot;:&quot;La agrupaci\u00f3n de Costa Rica dedicada al Funk, Soul, Jazz, Rock y Hip Hop e integrada por Fabrizio Walker en voz, Andr\u00e9s Cordero en bajo, Andr\u00e9s Cervilla en tromb\u00f3n, Federico Granados en saxo, Daniel Solano en guitarra, David Vargas en bater\u00eda e Isaac Morera en percusi\u00f3n llevar\u00e1 M\u00e9xico el material de sus tres discos Aguacero, Ritmos Cimarrones, Vol. 1, Ritmos Cimarrones, Vol. 2.\\r \\r &quot;}\" data-sheets-userformat=\"{&quot;2&quot;:513,&quot;3&quot;:{&quot;1&quot;:0},&quot;12&quot;:0}\">La agrupaci\u00f3n de Costa Rica dedicada al Funk, Soul, Jazz, Rock y Hip Hop e integrada por Fabrizio Walker en voz, Andr\u00e9s Cordero en bajo, Andr\u00e9s Cervilla en tromb\u00f3n, Federico Granados en saxo, Daniel Solano en guitarra, David Vargas en bater\u00eda e Isaac Morera en percusi\u00f3n llevar\u00e1 M\u00e9xico el material de sus tres discos Aguacero, Ritmos Cimarrones, Vol. 1, Ritmos Cimarrones, Vol. 2. <\/span><\/p>\n","protected":false},"excerpt":{"rendered":"<p>La agrupaci\u00f3n de Costa Rica dedicada al Funk, Soul, Jazz, Rock y Hip Hop e integrada por Fabrizio Walker en voz, Andr\u00e9s Cordero en bajo, Andr\u00e9s Cervilla en tromb\u00f3n, Federico Granados en saxo, Daniel Solano en guitarra, David Vargas en bater\u00eda e Isaac Morera en percusi\u00f3n llevar\u00e1 M\u00e9xico el material de sus tres discos Aguacero, [&hellip;]<\/p>\n","protected":false},"author":1,"featured_media":7497,"comment_status":"closed","ping_status":"closed","sticky":false,"template":"","format":"standard","meta":{"footnotes":""},"categories":[53],"tags":[],"class_list":["post-7496","post","type-post","status-publish","format-standard","has-post-thumbnail","hentry","category-noticias-generales"],"lang":"es","translations":{"es":7496},"pll_sync_post":[],"post_mailing_queue_ids":[],"_links":{"self":[{"href":"http:\/\/staging.ibermusicas.org\/index.php\/wp-json\/wp\/v2\/posts\/7496","targetHints":{"allow":["GET"]}}],"collection":[{"href":"http:\/\/staging.ibermusicas.org\/index.php\/wp-json\/wp\/v2\/posts"}],"about":[{"href":"http:\/\/staging.ibermusicas.org\/index.php\/wp-json\/wp\/v2\/types\/post"}],"author":[{"embeddable":true,"href":"http:\/\/staging.ibermusicas.org\/index.php\/wp-json\/wp\/v2\/users\/1"}],"replies":[{"embeddable":true,"href":"http:\/\/staging.ibermusicas.org\/index.php\/wp-json\/wp\/v2\/comments?post=7496"}],"version-history":[{"count":1,"href":"http:\/\/staging.ibermusicas.org\/index.php\/wp-json\/wp\/v2\/posts\/7496\/revisions"}],"predecessor-version":[{"id":7498,"href":"http:\/\/staging.ibermusicas.org\/index.php\/wp-json\/wp\/v2\/posts\/7496\/revisions\/7498"}],"wp:featuredmedia":[{"embeddable":true,"href":"http:\/\/staging.ibermusicas.org\/index.php\/wp-json\/wp\/v2\/media\/7497"}],"wp:attachment":[{"href":"http:\/\/staging.ibermusicas.org\/index.php\/wp-json\/wp\/v2\/media?parent=7496"}],"wp:term":[{"taxonomy":"category","embeddable":true,"href":"http:\/\/staging.ibermusicas.org\/index.php\/wp-json\/wp\/v2\/categories?post=7496"},{"taxonomy":"post_tag","embeddable":true,"href":"http:\/\/staging.ibermusicas.org\/index.php\/wp-json\/wp\/v2\/tags?post=7496"}],"curies":[{"name":"wp","href":"https:\/\/api.w.org\/{rel}","templated":true}]}}