{"id":7512,"date":"2018-07-12T10:13:26","date_gmt":"2018-07-12T10:13:26","guid":{"rendered":"http:\/\/staging.ibermusicas.org\/?p=7512"},"modified":"2021-07-01T10:14:34","modified_gmt":"2021-07-01T10:14:34","slug":"con-la-presencia-del-bluesero-colombiano-carlos-elliot-el-salva-blues-jazz-festival-internacional-en-salvatierra-guanajuato-mexico-realizara-su-novena-edicion","status":"publish","type":"post","link":"http:\/\/staging.ibermusicas.org\/index.php\/con-la-presencia-del-bluesero-colombiano-carlos-elliot-el-salva-blues-jazz-festival-internacional-en-salvatierra-guanajuato-mexico-realizara-su-novena-edicion\/","title":{"rendered":"Con la presencia del bluesero colombiano Carlos Elliot, el Salva Blues Jazz Festival Internacional en Salvatierra, Guanajuato, M\u00e9xico realizar\u00e1 su novena edici\u00f3n"},"content":{"rendered":"<p><span data-sheets-value=\"{&quot;1&quot;:2,&quot;2&quot;:&quot;Del 25 al 29 de julio en la bella y se\u00f1orial ciudad de Salvatierra, considerada uno de los siete pueblos m\u00e1gicos de Guanajuato, se realizar\u00e1 la novena edici\u00f3n del Salva Blues Jazz Festival Internacional, uno de los festivales de blues y jazz m\u00e1s importantes del pa\u00eds en su g\u00e9nero. &quot;}\" data-sheets-userformat=\"{&quot;2&quot;:513,&quot;3&quot;:{&quot;1&quot;:0},&quot;12&quot;:0}\">Del 25 al 29 de julio en la bella y se\u00f1orial ciudad de Salvatierra, considerada uno de los siete pueblos m\u00e1gicos de Guanajuato, se realizar\u00e1 la novena edici\u00f3n del Salva Blues Jazz Festival Internacional, uno de los festivales de blues y jazz m\u00e1s importantes del pa\u00eds en su g\u00e9nero. <\/span><\/p>\n","protected":false},"excerpt":{"rendered":"<p>Del 25 al 29 de julio en la bella y se\u00f1orial ciudad de Salvatierra, considerada uno de los siete pueblos m\u00e1gicos de Guanajuato, se realizar\u00e1 la novena edici\u00f3n del Salva Blues Jazz Festival Internacional, uno de los festivales de blues y jazz m\u00e1s importantes del pa\u00eds en su g\u00e9nero.<\/p>\n","protected":false},"author":1,"featured_media":7513,"comment_status":"closed","ping_status":"closed","sticky":false,"template":"","format":"standard","meta":{"footnotes":""},"categories":[53],"tags":[],"class_list":["post-7512","post","type-post","status-publish","format-standard","has-post-thumbnail","hentry","category-noticias-generales"],"lang":"es","translations":{"es":7512},"pll_sync_post":[],"post_mailing_queue_ids":[],"_links":{"self":[{"href":"http:\/\/staging.ibermusicas.org\/index.php\/wp-json\/wp\/v2\/posts\/7512","targetHints":{"allow":["GET"]}}],"collection":[{"href":"http:\/\/staging.ibermusicas.org\/index.php\/wp-json\/wp\/v2\/posts"}],"about":[{"href":"http:\/\/staging.ibermusicas.org\/index.php\/wp-json\/wp\/v2\/types\/post"}],"author":[{"embeddable":true,"href":"http:\/\/staging.ibermusicas.org\/index.php\/wp-json\/wp\/v2\/users\/1"}],"replies":[{"embeddable":true,"href":"http:\/\/staging.ibermusicas.org\/index.php\/wp-json\/wp\/v2\/comments?post=7512"}],"version-history":[{"count":1,"href":"http:\/\/staging.ibermusicas.org\/index.php\/wp-json\/wp\/v2\/posts\/7512\/revisions"}],"predecessor-version":[{"id":7514,"href":"http:\/\/staging.ibermusicas.org\/index.php\/wp-json\/wp\/v2\/posts\/7512\/revisions\/7514"}],"wp:featuredmedia":[{"embeddable":true,"href":"http:\/\/staging.ibermusicas.org\/index.php\/wp-json\/wp\/v2\/media\/7513"}],"wp:attachment":[{"href":"http:\/\/staging.ibermusicas.org\/index.php\/wp-json\/wp\/v2\/media?parent=7512"}],"wp:term":[{"taxonomy":"category","embeddable":true,"href":"http:\/\/staging.ibermusicas.org\/index.php\/wp-json\/wp\/v2\/categories?post=7512"},{"taxonomy":"post_tag","embeddable":true,"href":"http:\/\/staging.ibermusicas.org\/index.php\/wp-json\/wp\/v2\/tags?post=7512"}],"curies":[{"name":"wp","href":"https:\/\/api.w.org\/{rel}","templated":true}]}}