{"id":7520,"date":"2018-07-16T10:17:34","date_gmt":"2018-07-16T10:17:34","guid":{"rendered":"http:\/\/staging.ibermusicas.org\/?p=7520"},"modified":"2021-07-01T10:18:54","modified_gmt":"2021-07-01T10:18:54","slug":"el-compositor-argentino-oscar-pablo-di-liscia-inicia-en-el-cmmas-morelia-mexico-su-residencia-compositiva","status":"publish","type":"post","link":"http:\/\/staging.ibermusicas.org\/index.php\/el-compositor-argentino-oscar-pablo-di-liscia-inicia-en-el-cmmas-morelia-mexico-su-residencia-compositiva\/","title":{"rendered":"El compositor argentino Oscar Pablo Di Liscia inicia en el CMMAS, Morelia, M\u00e9xico, su residencia compositiva"},"content":{"rendered":"<p><span data-sheets-value=\"{&quot;1&quot;:2,&quot;2&quot;:&quot;Del 23 de julio y el 15 de octubre de Oscar Pablo de Liscia llevar\u00e1 a cabo su residencia en el CMMAS - Centro Mexicano para la M\u00fasica y las Artes Sonoras, con el objetivo principal puesto en la composici\u00f3n de una obra para Violoncello y sonidos procesados por computadora con un especial \u00e9nfasis puesto en la escena ac\u00fastica y la distribuci\u00f3n espacial de sonido.\\r \\r &quot;}\" data-sheets-userformat=\"{&quot;2&quot;:513,&quot;3&quot;:{&quot;1&quot;:0},&quot;12&quot;:0}\">Del 23 de julio hasta el 15 de octubre,\u00a0 Oscar Pablo de Liscia llevar\u00e1 a cabo su residencia en el CMMAS &#8211; Centro Mexicano para la M\u00fasica y las Artes Sonoras, con el objetivo principal puesto en la composici\u00f3n de una obra para Violoncello y sonidos procesados por computadora con un especial \u00e9nfasis puesto en la escena ac\u00fastica y la distribuci\u00f3n espacial de sonido. <\/span><\/p>\n","protected":false},"excerpt":{"rendered":"<p>Del 23 de julio hasta el 15 de octubre,\u00a0 Oscar Pablo de Liscia llevar\u00e1 a cabo su residencia en el CMMAS &#8211; Centro Mexicano para la M\u00fasica y las Artes Sonoras, con el objetivo principal puesto en la composici\u00f3n de una obra para Violoncello y sonidos procesados por computadora con un especial \u00e9nfasis puesto en [&hellip;]<\/p>\n","protected":false},"author":1,"featured_media":7521,"comment_status":"closed","ping_status":"closed","sticky":false,"template":"","format":"standard","meta":{"footnotes":""},"categories":[53],"tags":[],"class_list":["post-7520","post","type-post","status-publish","format-standard","has-post-thumbnail","hentry","category-noticias-generales"],"lang":"es","translations":{"es":7520},"pll_sync_post":[],"post_mailing_queue_ids":[],"_links":{"self":[{"href":"http:\/\/staging.ibermusicas.org\/index.php\/wp-json\/wp\/v2\/posts\/7520","targetHints":{"allow":["GET"]}}],"collection":[{"href":"http:\/\/staging.ibermusicas.org\/index.php\/wp-json\/wp\/v2\/posts"}],"about":[{"href":"http:\/\/staging.ibermusicas.org\/index.php\/wp-json\/wp\/v2\/types\/post"}],"author":[{"embeddable":true,"href":"http:\/\/staging.ibermusicas.org\/index.php\/wp-json\/wp\/v2\/users\/1"}],"replies":[{"embeddable":true,"href":"http:\/\/staging.ibermusicas.org\/index.php\/wp-json\/wp\/v2\/comments?post=7520"}],"version-history":[{"count":1,"href":"http:\/\/staging.ibermusicas.org\/index.php\/wp-json\/wp\/v2\/posts\/7520\/revisions"}],"predecessor-version":[{"id":7522,"href":"http:\/\/staging.ibermusicas.org\/index.php\/wp-json\/wp\/v2\/posts\/7520\/revisions\/7522"}],"wp:featuredmedia":[{"embeddable":true,"href":"http:\/\/staging.ibermusicas.org\/index.php\/wp-json\/wp\/v2\/media\/7521"}],"wp:attachment":[{"href":"http:\/\/staging.ibermusicas.org\/index.php\/wp-json\/wp\/v2\/media?parent=7520"}],"wp:term":[{"taxonomy":"category","embeddable":true,"href":"http:\/\/staging.ibermusicas.org\/index.php\/wp-json\/wp\/v2\/categories?post=7520"},{"taxonomy":"post_tag","embeddable":true,"href":"http:\/\/staging.ibermusicas.org\/index.php\/wp-json\/wp\/v2\/tags?post=7520"}],"curies":[{"name":"wp","href":"https:\/\/api.w.org\/{rel}","templated":true}]}}