{"id":7523,"date":"2018-07-14T10:19:10","date_gmt":"2018-07-14T10:19:10","guid":{"rendered":"http:\/\/staging.ibermusicas.org\/?p=7523"},"modified":"2021-07-01T10:20:12","modified_gmt":"2021-07-01T10:20:12","slug":"en-naolinco-veracruz-mexico-se-llevara-a-cabo-la-tercera-edicion-del-festival-internacional-de-musica-de-naolinco-con-la-presencia-entre-otros-grandes-artistas-de-la-violinista-costarricense-grace","status":"publish","type":"post","link":"http:\/\/staging.ibermusicas.org\/index.php\/en-naolinco-veracruz-mexico-se-llevara-a-cabo-la-tercera-edicion-del-festival-internacional-de-musica-de-naolinco-con-la-presencia-entre-otros-grandes-artistas-de-la-violinista-costarricense-grace\/","title":{"rendered":"En Naolinco, Veracruz, M\u00e9xico se llevar\u00e1 a cabo la tercera edici\u00f3n del Festival Internacional de M\u00fasica de Naolinco con la presencia, entre otros grandes artistas, de la violinista costarricense Grace Mar\u00edn"},"content":{"rendered":"<p><span data-sheets-value=\"{&quot;1&quot;:2,&quot;2&quot;:&quot;Con el foco puesto en la m\u00fasica acad\u00e9mica en general y en la m\u00fasica de c\u00e1mara en particular, desde el 21 de julio y por diez d\u00edas consecutivos tendr\u00e1 lugar en Veracruz la tercera edici\u00f3n de este gran festival. Participar\u00e1n m\u00fasicos y ensambles de Alemania, Bolivia, Brasil, Canad\u00e1, Costa Rica, Estados Unidos, Italia y M\u00e9xico.\\r \\r &quot;}\" data-sheets-userformat=\"{&quot;2&quot;:513,&quot;3&quot;:{&quot;1&quot;:0},&quot;12&quot;:0}\">Con el foco puesto en la m\u00fasica acad\u00e9mica en general y en la m\u00fasica de c\u00e1mara en particular, desde el 21 de julio y por diez d\u00edas consecutivos tendr\u00e1 lugar en Veracruz la tercera edici\u00f3n de este gran festival. Participar\u00e1n m\u00fasicos y ensambles de Alemania, Bolivia, Brasil, Canad\u00e1, Costa Rica, Estados Unidos, Italia y M\u00e9xico. <\/span><\/p>\n","protected":false},"excerpt":{"rendered":"<p>Con el foco puesto en la m\u00fasica acad\u00e9mica en general y en la m\u00fasica de c\u00e1mara en particular, desde el 21 de julio y por diez d\u00edas consecutivos tendr\u00e1 lugar en Veracruz la tercera edici\u00f3n de este gran festival. Participar\u00e1n m\u00fasicos y ensambles de Alemania, Bolivia, Brasil, Canad\u00e1, Costa Rica, Estados Unidos, Italia y M\u00e9xico.<\/p>\n","protected":false},"author":1,"featured_media":7524,"comment_status":"closed","ping_status":"closed","sticky":false,"template":"","format":"standard","meta":{"footnotes":""},"categories":[53],"tags":[],"class_list":["post-7523","post","type-post","status-publish","format-standard","has-post-thumbnail","hentry","category-noticias-generales"],"lang":"es","translations":{"es":7523},"pll_sync_post":[],"post_mailing_queue_ids":[],"_links":{"self":[{"href":"http:\/\/staging.ibermusicas.org\/index.php\/wp-json\/wp\/v2\/posts\/7523","targetHints":{"allow":["GET"]}}],"collection":[{"href":"http:\/\/staging.ibermusicas.org\/index.php\/wp-json\/wp\/v2\/posts"}],"about":[{"href":"http:\/\/staging.ibermusicas.org\/index.php\/wp-json\/wp\/v2\/types\/post"}],"author":[{"embeddable":true,"href":"http:\/\/staging.ibermusicas.org\/index.php\/wp-json\/wp\/v2\/users\/1"}],"replies":[{"embeddable":true,"href":"http:\/\/staging.ibermusicas.org\/index.php\/wp-json\/wp\/v2\/comments?post=7523"}],"version-history":[{"count":1,"href":"http:\/\/staging.ibermusicas.org\/index.php\/wp-json\/wp\/v2\/posts\/7523\/revisions"}],"predecessor-version":[{"id":7525,"href":"http:\/\/staging.ibermusicas.org\/index.php\/wp-json\/wp\/v2\/posts\/7523\/revisions\/7525"}],"wp:featuredmedia":[{"embeddable":true,"href":"http:\/\/staging.ibermusicas.org\/index.php\/wp-json\/wp\/v2\/media\/7524"}],"wp:attachment":[{"href":"http:\/\/staging.ibermusicas.org\/index.php\/wp-json\/wp\/v2\/media?parent=7523"}],"wp:term":[{"taxonomy":"category","embeddable":true,"href":"http:\/\/staging.ibermusicas.org\/index.php\/wp-json\/wp\/v2\/categories?post=7523"},{"taxonomy":"post_tag","embeddable":true,"href":"http:\/\/staging.ibermusicas.org\/index.php\/wp-json\/wp\/v2\/tags?post=7523"}],"curies":[{"name":"wp","href":"https:\/\/api.w.org\/{rel}","templated":true}]}}