{"id":7550,"date":"2018-07-28T14:22:54","date_gmt":"2018-07-28T14:22:54","guid":{"rendered":"http:\/\/staging.ibermusicas.org\/?p=7550"},"modified":"2021-07-01T14:23:52","modified_gmt":"2021-07-01T14:23:52","slug":"el-eximio-guitarrista-mexicano-francisco-gil-se-presentara-en-la-edicion-xvii-de-mostra-de-cordas-dedilhadas-en-sao-paulo-brasil","status":"publish","type":"post","link":"http:\/\/staging.ibermusicas.org\/index.php\/el-eximio-guitarrista-mexicano-francisco-gil-se-presentara-en-la-edicion-xvii-de-mostra-de-cordas-dedilhadas-en-sao-paulo-brasil\/","title":{"rendered":"El eximio guitarrista mexicano Francisco Gil se presentar\u00e1 en la edici\u00f3n XVII de Mostra De Cordas Dedilhadas en S\u00e3o Paulo, Brasil"},"content":{"rendered":"<p><span data-sheets-value=\"{&quot;1&quot;:2,&quot;2&quot;:&quot;Francisco Gil es uno de los guitarristas mexicanos con mayor proyecci\u00f3n internacional. Se ha presentado en Latinoam\u00e9rica, Estados Unidos, Asia y Europa. La revista espa\u00f1ola Acordes lo ha reconocido como \u201cuno de los mejores guitarristas latinoamericanos\u201d y ha destacado que en su disco Impresiones de Am\u00e9rica \u201csu personal y l\u00facida manera de interpretar con la guitarra se traduce en que algunas piezas del repertorio m\u00e1s tradicional tengan un gran vigor y frescura, y aporten ideas interpretativas muy sugestivas. &quot;}\" data-sheets-userformat=\"{&quot;2&quot;:513,&quot;3&quot;:{&quot;1&quot;:0},&quot;12&quot;:0}\">Francisco Gil es uno de los guitarristas mexicanos con mayor proyecci\u00f3n internacional. Se ha presentado en Latinoam\u00e9rica, Estados Unidos, Asia y Europa. La revista espa\u00f1ola Acordes lo ha reconocido como \u201cuno de los mejores guitarristas latinoamericanos\u201d y ha destacado que en su disco Impresiones de Am\u00e9rica \u201csu personal y l\u00facida manera de interpretar con la guitarra se traduce en que algunas piezas del repertorio m\u00e1s tradicional tengan un gran vigor y frescura, y aporten ideas interpretativas muy sugestivas. <\/span><\/p>\n","protected":false},"excerpt":{"rendered":"<p>Francisco Gil es uno de los guitarristas mexicanos con mayor proyecci\u00f3n internacional. Se ha presentado en Latinoam\u00e9rica, Estados Unidos, Asia y Europa. La revista espa\u00f1ola Acordes lo ha reconocido como \u201cuno de los mejores guitarristas latinoamericanos\u201d y ha destacado que en su disco Impresiones de Am\u00e9rica \u201csu personal y l\u00facida manera de interpretar con la [&hellip;]<\/p>\n","protected":false},"author":1,"featured_media":7551,"comment_status":"closed","ping_status":"closed","sticky":false,"template":"","format":"standard","meta":{"footnotes":""},"categories":[53],"tags":[],"class_list":["post-7550","post","type-post","status-publish","format-standard","has-post-thumbnail","hentry","category-noticias-generales"],"lang":"es","translations":{"es":7550},"pll_sync_post":[],"post_mailing_queue_ids":[],"_links":{"self":[{"href":"http:\/\/staging.ibermusicas.org\/index.php\/wp-json\/wp\/v2\/posts\/7550","targetHints":{"allow":["GET"]}}],"collection":[{"href":"http:\/\/staging.ibermusicas.org\/index.php\/wp-json\/wp\/v2\/posts"}],"about":[{"href":"http:\/\/staging.ibermusicas.org\/index.php\/wp-json\/wp\/v2\/types\/post"}],"author":[{"embeddable":true,"href":"http:\/\/staging.ibermusicas.org\/index.php\/wp-json\/wp\/v2\/users\/1"}],"replies":[{"embeddable":true,"href":"http:\/\/staging.ibermusicas.org\/index.php\/wp-json\/wp\/v2\/comments?post=7550"}],"version-history":[{"count":1,"href":"http:\/\/staging.ibermusicas.org\/index.php\/wp-json\/wp\/v2\/posts\/7550\/revisions"}],"predecessor-version":[{"id":7552,"href":"http:\/\/staging.ibermusicas.org\/index.php\/wp-json\/wp\/v2\/posts\/7550\/revisions\/7552"}],"wp:featuredmedia":[{"embeddable":true,"href":"http:\/\/staging.ibermusicas.org\/index.php\/wp-json\/wp\/v2\/media\/7551"}],"wp:attachment":[{"href":"http:\/\/staging.ibermusicas.org\/index.php\/wp-json\/wp\/v2\/media?parent=7550"}],"wp:term":[{"taxonomy":"category","embeddable":true,"href":"http:\/\/staging.ibermusicas.org\/index.php\/wp-json\/wp\/v2\/categories?post=7550"},{"taxonomy":"post_tag","embeddable":true,"href":"http:\/\/staging.ibermusicas.org\/index.php\/wp-json\/wp\/v2\/tags?post=7550"}],"curies":[{"name":"wp","href":"https:\/\/api.w.org\/{rel}","templated":true}]}}