{"id":7554,"date":"2018-09-01T14:24:30","date_gmt":"2018-09-01T14:24:30","guid":{"rendered":"http:\/\/staging.ibermusicas.org\/?p=7554"},"modified":"2021-07-01T14:26:10","modified_gmt":"2021-07-01T14:26:10","slug":"el-conjunto-vocal-vox-populi-project-de-xalapa-veracruz-mexico-sera-parte-del-encuentro-coral-san-juan-canta-de-argentina","status":"publish","type":"post","link":"http:\/\/staging.ibermusicas.org\/index.php\/el-conjunto-vocal-vox-populi-project-de-xalapa-veracruz-mexico-sera-parte-del-encuentro-coral-san-juan-canta-de-argentina\/","title":{"rendered":"El conjunto vocal Vox Populi Project de Xalapa, Veracruz, M\u00e9xico ser\u00e1 parte del Encuentro Coral San Juan Canta de Argentina"},"content":{"rendered":"<p><span data-sheets-value=\"{&quot;1&quot;:2,&quot;2&quot;:&quot;Bajo la direcci\u00f3n del maestro Julio C\u00e9sar Morales Pineda, Vox Populi Project se destaca como el proyecto m\u00e1s innovador que ha dado la escena vocal en M\u00e9xico; un ensamble que busca fomentar la m\u00fasica vocal mediante la exploraci\u00f3n de sonidos y texturas, generando as\u00ed, un sonido diferente, atractivo e inspirador para el p\u00fablico que lo escucha.\\r &quot;}\" data-sheets-userformat=\"{&quot;2&quot;:513,&quot;3&quot;:{&quot;1&quot;:0},&quot;12&quot;:0}\">Bajo la direcci\u00f3n del maestro Julio C\u00e9sar Morales Pineda, Vox Populi Project se destaca como el proyecto m\u00e1s innovador que ha dado la escena vocal en M\u00e9xico; un ensamble que busca fomentar la m\u00fasica vocal mediante la exploraci\u00f3n de sonidos y texturas, generando as\u00ed, un sonido diferente, atractivo e inspirador para el p\u00fablico que lo escucha. <\/span><\/p>\n","protected":false},"excerpt":{"rendered":"<p>Bajo la direcci\u00f3n del maestro Julio C\u00e9sar Morales Pineda, Vox Populi Project se destaca como el proyecto m\u00e1s innovador que ha dado la escena vocal en M\u00e9xico; un ensamble que busca fomentar la m\u00fasica vocal mediante la exploraci\u00f3n de sonidos y texturas, generando as\u00ed, un sonido diferente, atractivo e inspirador para el p\u00fablico que lo [&hellip;]<\/p>\n","protected":false},"author":1,"featured_media":7555,"comment_status":"closed","ping_status":"closed","sticky":false,"template":"","format":"standard","meta":{"footnotes":""},"categories":[53],"tags":[],"class_list":["post-7554","post","type-post","status-publish","format-standard","has-post-thumbnail","hentry","category-noticias-generales"],"lang":"es","translations":{"es":7554},"pll_sync_post":[],"post_mailing_queue_ids":[],"_links":{"self":[{"href":"http:\/\/staging.ibermusicas.org\/index.php\/wp-json\/wp\/v2\/posts\/7554","targetHints":{"allow":["GET"]}}],"collection":[{"href":"http:\/\/staging.ibermusicas.org\/index.php\/wp-json\/wp\/v2\/posts"}],"about":[{"href":"http:\/\/staging.ibermusicas.org\/index.php\/wp-json\/wp\/v2\/types\/post"}],"author":[{"embeddable":true,"href":"http:\/\/staging.ibermusicas.org\/index.php\/wp-json\/wp\/v2\/users\/1"}],"replies":[{"embeddable":true,"href":"http:\/\/staging.ibermusicas.org\/index.php\/wp-json\/wp\/v2\/comments?post=7554"}],"version-history":[{"count":1,"href":"http:\/\/staging.ibermusicas.org\/index.php\/wp-json\/wp\/v2\/posts\/7554\/revisions"}],"predecessor-version":[{"id":7556,"href":"http:\/\/staging.ibermusicas.org\/index.php\/wp-json\/wp\/v2\/posts\/7554\/revisions\/7556"}],"wp:featuredmedia":[{"embeddable":true,"href":"http:\/\/staging.ibermusicas.org\/index.php\/wp-json\/wp\/v2\/media\/7555"}],"wp:attachment":[{"href":"http:\/\/staging.ibermusicas.org\/index.php\/wp-json\/wp\/v2\/media?parent=7554"}],"wp:term":[{"taxonomy":"category","embeddable":true,"href":"http:\/\/staging.ibermusicas.org\/index.php\/wp-json\/wp\/v2\/categories?post=7554"},{"taxonomy":"post_tag","embeddable":true,"href":"http:\/\/staging.ibermusicas.org\/index.php\/wp-json\/wp\/v2\/tags?post=7554"}],"curies":[{"name":"wp","href":"https:\/\/api.w.org\/{rel}","templated":true}]}}