{"id":7557,"date":"2018-07-29T14:26:21","date_gmt":"2018-07-29T14:26:21","guid":{"rendered":"http:\/\/staging.ibermusicas.org\/?p=7557"},"modified":"2021-07-01T14:27:37","modified_gmt":"2021-07-01T14:27:37","slug":"desde-mendoza-argentina-la-banda-punk-femenina-las-ex-lleva-su-musica-a-chile-y-peru","status":"publish","type":"post","link":"http:\/\/staging.ibermusicas.org\/index.php\/desde-mendoza-argentina-la-banda-punk-femenina-las-ex-lleva-su-musica-a-chile-y-peru\/","title":{"rendered":"Desde Mendoza, Argentina, la banda punk femenina Las Ex lleva su m\u00fasica a Chile y Per\u00fa"},"content":{"rendered":"<p><span data-sheets-value=\"{&quot;1&quot;:2,&quot;2&quot;:&quot;La banda integrada por Silvina Fresina (bater\u00eda y voz), Laura Vel\u00e1zquez (voz, guitarra y keytar), Camila Guevara (guitarra y voz) y Lina El\u00edas (bajo y voz) tiene la capacidad de crear un collage abarcativo de cuatro puntos de vista diferentes que se expresan tanto en lo musical como en la perfomance desplegada sobre el escenario. &quot;}\" data-sheets-userformat=\"{&quot;2&quot;:513,&quot;3&quot;:{&quot;1&quot;:0},&quot;12&quot;:0}\">La banda integrada por Silvina Fresina (bater\u00eda y voz), Laura Vel\u00e1zquez (voz, guitarra y keytar), Camila Guevara (guitarra y voz) y Lina El\u00edas (bajo y voz) tiene la capacidad de crear un collage abarcativo de cuatro puntos de vista diferentes que se expresan tanto en lo musical como en la perfomance desplegada sobre el escenario. <\/span><\/p>\n","protected":false},"excerpt":{"rendered":"<p>La banda integrada por Silvina Fresina (bater\u00eda y voz), Laura Vel\u00e1zquez (voz, guitarra y keytar), Camila Guevara (guitarra y voz) y Lina El\u00edas (bajo y voz) tiene la capacidad de crear un collage abarcativo de cuatro puntos de vista diferentes que se expresan tanto en lo musical como en la perfomance desplegada sobre el escenario.<\/p>\n","protected":false},"author":1,"featured_media":7558,"comment_status":"closed","ping_status":"closed","sticky":false,"template":"","format":"standard","meta":{"footnotes":""},"categories":[53],"tags":[],"class_list":["post-7557","post","type-post","status-publish","format-standard","has-post-thumbnail","hentry","category-noticias-generales"],"lang":"es","translations":{"es":7557},"pll_sync_post":[],"post_mailing_queue_ids":[],"_links":{"self":[{"href":"http:\/\/staging.ibermusicas.org\/index.php\/wp-json\/wp\/v2\/posts\/7557","targetHints":{"allow":["GET"]}}],"collection":[{"href":"http:\/\/staging.ibermusicas.org\/index.php\/wp-json\/wp\/v2\/posts"}],"about":[{"href":"http:\/\/staging.ibermusicas.org\/index.php\/wp-json\/wp\/v2\/types\/post"}],"author":[{"embeddable":true,"href":"http:\/\/staging.ibermusicas.org\/index.php\/wp-json\/wp\/v2\/users\/1"}],"replies":[{"embeddable":true,"href":"http:\/\/staging.ibermusicas.org\/index.php\/wp-json\/wp\/v2\/comments?post=7557"}],"version-history":[{"count":1,"href":"http:\/\/staging.ibermusicas.org\/index.php\/wp-json\/wp\/v2\/posts\/7557\/revisions"}],"predecessor-version":[{"id":7559,"href":"http:\/\/staging.ibermusicas.org\/index.php\/wp-json\/wp\/v2\/posts\/7557\/revisions\/7559"}],"wp:featuredmedia":[{"embeddable":true,"href":"http:\/\/staging.ibermusicas.org\/index.php\/wp-json\/wp\/v2\/media\/7558"}],"wp:attachment":[{"href":"http:\/\/staging.ibermusicas.org\/index.php\/wp-json\/wp\/v2\/media?parent=7557"}],"wp:term":[{"taxonomy":"category","embeddable":true,"href":"http:\/\/staging.ibermusicas.org\/index.php\/wp-json\/wp\/v2\/categories?post=7557"},{"taxonomy":"post_tag","embeddable":true,"href":"http:\/\/staging.ibermusicas.org\/index.php\/wp-json\/wp\/v2\/tags?post=7557"}],"curies":[{"name":"wp","href":"https:\/\/api.w.org\/{rel}","templated":true}]}}