{"id":7560,"date":"2018-09-04T14:27:51","date_gmt":"2018-09-04T14:27:51","guid":{"rendered":"http:\/\/staging.ibermusicas.org\/?p=7560"},"modified":"2021-07-01T14:28:55","modified_gmt":"2021-07-01T14:28:55","slug":"alucinaciones-en-familia-la-banda-psicodelica-uruguaya-lleva-su-propuesta-a-dos-ciudades-de-brasil","status":"publish","type":"post","link":"http:\/\/staging.ibermusicas.org\/index.php\/alucinaciones-en-familia-la-banda-psicodelica-uruguaya-lleva-su-propuesta-a-dos-ciudades-de-brasil\/","title":{"rendered":"Alucinaciones en familia, la banda psicod\u00e9lica uruguaya lleva su propuesta a dos ciudades de Brasil"},"content":{"rendered":"<p><span data-sheets-value=\"{&quot;1&quot;:2,&quot;2&quot;:&quot;Alucinaciones en familia es una banda psicod\u00e9lica oriunda de Montevideo, Uruguay formada en el 2013. En el 2015 lanzaron su primer disco de forma independiente, donde la catarsis y la experimentaci\u00f3n conviven en el formato canci\u00f3n, sin dejar de lado la melod\u00eda llegando a veces hasta sonidos propios del pop.&quot;}\" data-sheets-userformat=\"{&quot;2&quot;:515,&quot;3&quot;:{&quot;1&quot;:0},&quot;4&quot;:{&quot;1&quot;:2,&quot;2&quot;:13822754},&quot;12&quot;:0}\">Alucinaciones en familia es una banda psicod\u00e9lica oriunda de Montevideo, Uruguay formada en el 2013. En el 2015 lanzaron su primer disco de forma independiente, donde la catarsis y la experimentaci\u00f3n conviven en el formato canci\u00f3n, sin dejar de lado la melod\u00eda llegando a veces hasta sonidos propios del pop.<\/span><\/p>\n","protected":false},"excerpt":{"rendered":"<p>Alucinaciones en familia es una banda psicod\u00e9lica oriunda de Montevideo, Uruguay formada en el 2013. En el 2015 lanzaron su primer disco de forma independiente, donde la catarsis y la experimentaci\u00f3n conviven en el formato canci\u00f3n, sin dejar de lado la melod\u00eda llegando a veces hasta sonidos propios del pop.<\/p>\n","protected":false},"author":1,"featured_media":7561,"comment_status":"closed","ping_status":"closed","sticky":false,"template":"","format":"standard","meta":{"footnotes":""},"categories":[53],"tags":[],"class_list":["post-7560","post","type-post","status-publish","format-standard","has-post-thumbnail","hentry","category-noticias-generales"],"lang":"es","translations":{"es":7560},"pll_sync_post":[],"post_mailing_queue_ids":[],"_links":{"self":[{"href":"http:\/\/staging.ibermusicas.org\/index.php\/wp-json\/wp\/v2\/posts\/7560","targetHints":{"allow":["GET"]}}],"collection":[{"href":"http:\/\/staging.ibermusicas.org\/index.php\/wp-json\/wp\/v2\/posts"}],"about":[{"href":"http:\/\/staging.ibermusicas.org\/index.php\/wp-json\/wp\/v2\/types\/post"}],"author":[{"embeddable":true,"href":"http:\/\/staging.ibermusicas.org\/index.php\/wp-json\/wp\/v2\/users\/1"}],"replies":[{"embeddable":true,"href":"http:\/\/staging.ibermusicas.org\/index.php\/wp-json\/wp\/v2\/comments?post=7560"}],"version-history":[{"count":1,"href":"http:\/\/staging.ibermusicas.org\/index.php\/wp-json\/wp\/v2\/posts\/7560\/revisions"}],"predecessor-version":[{"id":7562,"href":"http:\/\/staging.ibermusicas.org\/index.php\/wp-json\/wp\/v2\/posts\/7560\/revisions\/7562"}],"wp:featuredmedia":[{"embeddable":true,"href":"http:\/\/staging.ibermusicas.org\/index.php\/wp-json\/wp\/v2\/media\/7561"}],"wp:attachment":[{"href":"http:\/\/staging.ibermusicas.org\/index.php\/wp-json\/wp\/v2\/media?parent=7560"}],"wp:term":[{"taxonomy":"category","embeddable":true,"href":"http:\/\/staging.ibermusicas.org\/index.php\/wp-json\/wp\/v2\/categories?post=7560"},{"taxonomy":"post_tag","embeddable":true,"href":"http:\/\/staging.ibermusicas.org\/index.php\/wp-json\/wp\/v2\/tags?post=7560"}],"curies":[{"name":"wp","href":"https:\/\/api.w.org\/{rel}","templated":true}]}}