{"id":7575,"date":"2018-09-02T14:34:07","date_gmt":"2018-09-02T14:34:07","guid":{"rendered":"http:\/\/staging.ibermusicas.org\/?p=7575"},"modified":"2021-07-01T14:35:05","modified_gmt":"2021-07-01T14:35:05","slug":"bajo-la-tematica-musica-y-politicas-publicas-para-el-desarrollo-se-realizara-en-lima-peru-el-iv-coloquio-de-investigacion-musical-ibermusicas","status":"publish","type":"post","link":"http:\/\/staging.ibermusicas.org\/index.php\/bajo-la-tematica-musica-y-politicas-publicas-para-el-desarrollo-se-realizara-en-lima-peru-el-iv-coloquio-de-investigacion-musical-ibermusicas\/","title":{"rendered":"Bajo la tem\u00e1tica M\u00fasica y Pol\u00edticas P\u00fablicas para el Desarrollo se realizar\u00e1 en Lima, Per\u00fa el IV Coloquio de Investigaci\u00f3n Musical Iberm\u00fasicas"},"content":{"rendered":"<p><span data-sheets-value=\"{&quot;1&quot;:2,&quot;2&quot;:&quot;Se llevar\u00e1 a cabo una nueva edici\u00f3n del Coloquio Anual de Investigaci\u00f3n Musical Iberm\u00fasicas. La tem\u00e1tica elegida para esta edici\u00f3n es \u201cM\u00fasica y Pol\u00edticas P\u00fablicas para el Desarrollo\u201d. El Coloquio tendr\u00e1 lugar los d\u00edas 6 y 7 de septiembre en Lima, Per\u00fa organizado por el Ministerio de Cultura del Per\u00fa.\\r \\r &quot;}\" data-sheets-userformat=\"{&quot;2&quot;:513,&quot;3&quot;:{&quot;1&quot;:0},&quot;12&quot;:0}\">Se llevar\u00e1 a cabo una nueva edici\u00f3n del Coloquio Anual de Investigaci\u00f3n Musical Iberm\u00fasicas. La tem\u00e1tica elegida para esta edici\u00f3n es \u201cM\u00fasica y Pol\u00edticas P\u00fablicas para el Desarrollo\u201d. El Coloquio tendr\u00e1 lugar los d\u00edas 6 y 7 de septiembre en Lima, Per\u00fa organizado por el Ministerio de Cultura del Per\u00fa. <\/span><\/p>\n","protected":false},"excerpt":{"rendered":"<p>Se llevar\u00e1 a cabo una nueva edici\u00f3n del Coloquio Anual de Investigaci\u00f3n Musical Iberm\u00fasicas. La tem\u00e1tica elegida para esta edici\u00f3n es \u201cM\u00fasica y Pol\u00edticas P\u00fablicas para el Desarrollo\u201d. El Coloquio tendr\u00e1 lugar los d\u00edas 6 y 7 de septiembre en Lima, Per\u00fa organizado por el Ministerio de Cultura del Per\u00fa.<\/p>\n","protected":false},"author":1,"featured_media":7576,"comment_status":"closed","ping_status":"closed","sticky":false,"template":"","format":"standard","meta":{"footnotes":""},"categories":[53],"tags":[],"class_list":["post-7575","post","type-post","status-publish","format-standard","has-post-thumbnail","hentry","category-noticias-generales"],"lang":"es","translations":{"es":7575},"pll_sync_post":[],"post_mailing_queue_ids":[],"_links":{"self":[{"href":"http:\/\/staging.ibermusicas.org\/index.php\/wp-json\/wp\/v2\/posts\/7575","targetHints":{"allow":["GET"]}}],"collection":[{"href":"http:\/\/staging.ibermusicas.org\/index.php\/wp-json\/wp\/v2\/posts"}],"about":[{"href":"http:\/\/staging.ibermusicas.org\/index.php\/wp-json\/wp\/v2\/types\/post"}],"author":[{"embeddable":true,"href":"http:\/\/staging.ibermusicas.org\/index.php\/wp-json\/wp\/v2\/users\/1"}],"replies":[{"embeddable":true,"href":"http:\/\/staging.ibermusicas.org\/index.php\/wp-json\/wp\/v2\/comments?post=7575"}],"version-history":[{"count":1,"href":"http:\/\/staging.ibermusicas.org\/index.php\/wp-json\/wp\/v2\/posts\/7575\/revisions"}],"predecessor-version":[{"id":7577,"href":"http:\/\/staging.ibermusicas.org\/index.php\/wp-json\/wp\/v2\/posts\/7575\/revisions\/7577"}],"wp:featuredmedia":[{"embeddable":true,"href":"http:\/\/staging.ibermusicas.org\/index.php\/wp-json\/wp\/v2\/media\/7576"}],"wp:attachment":[{"href":"http:\/\/staging.ibermusicas.org\/index.php\/wp-json\/wp\/v2\/media?parent=7575"}],"wp:term":[{"taxonomy":"category","embeddable":true,"href":"http:\/\/staging.ibermusicas.org\/index.php\/wp-json\/wp\/v2\/categories?post=7575"},{"taxonomy":"post_tag","embeddable":true,"href":"http:\/\/staging.ibermusicas.org\/index.php\/wp-json\/wp\/v2\/tags?post=7575"}],"curies":[{"name":"wp","href":"https:\/\/api.w.org\/{rel}","templated":true}]}}