{"id":7578,"date":"2018-10-01T14:35:12","date_gmt":"2018-10-01T14:35:12","guid":{"rendered":"http:\/\/staging.ibermusicas.org\/?p=7578"},"modified":"2021-07-01T14:36:09","modified_gmt":"2021-07-01T14:36:09","slug":"desde-brasil-la-agrupacion-carta-na-manga-lleva-su-moderna-propuesta-y-su-profundo-conocimiento-de-las-tradiciones-folcloricas-brasilenas-a-la-ciudad-de-mexico","status":"publish","type":"post","link":"http:\/\/staging.ibermusicas.org\/index.php\/desde-brasil-la-agrupacion-carta-na-manga-lleva-su-moderna-propuesta-y-su-profundo-conocimiento-de-las-tradiciones-folcloricas-brasilenas-a-la-ciudad-de-mexico\/","title":{"rendered":"Desde Brasil, la agrupaci\u00f3n Carta na Manga lleva su moderna propuesta y su profundo conocimiento de las tradiciones folcl\u00f3ricas brasile\u00f1as a la ciudad de M\u00e9xico"},"content":{"rendered":"<p><span data-sheets-value=\"{&quot;1&quot;:2,&quot;2&quot;:&quot;El grupo Carta na Manga, nacido en Mogi das Cruzes en el Gran S\u00e3o Paulo, propone una mixtura entre la canci\u00f3n contempor\u00e1nea y la m\u00fasica tradicional popular, llevando al p\u00fablico a un viaje por el universo de la enorme diversidad r\u00edtmica de Brasil y por la profunda experiencia de la poes\u00eda de la lengua portuguesa estableciendo un di\u00e1logo entre la canci\u00f3n de autor, la poes\u00eda, la narrativa, la cr\u00f3nica de las vivencias de las mujeres y la visi\u00f3n po\u00e9tica que emana de las manifestaciones populares como jongos, ladainhas, batuques, cocos, cirandas y carimb\u00f3s.\\r &quot;}\" data-sheets-userformat=\"{&quot;2&quot;:513,&quot;3&quot;:{&quot;1&quot;:0},&quot;12&quot;:0}\">El grupo Carta na Manga, nacido en Mogi das Cruzes en el Gran S\u00e3o Paulo, propone una mixtura entre la canci\u00f3n contempor\u00e1nea y la m\u00fasica tradicional popular, llevando al p\u00fablico a un viaje por el universo de la enorme diversidad r\u00edtmica de Brasil y por la profunda experiencia de la poes\u00eda de la lengua portuguesa estableciendo un di\u00e1logo entre la canci\u00f3n de autor, la poes\u00eda, la narrativa, la cr\u00f3nica de las vivencias de las mujeres y la visi\u00f3n po\u00e9tica que emana de las manifestaciones populares como jongos, ladainhas, batuques, cocos, cirandas y carimb\u00f3s. <\/span><\/p>\n","protected":false},"excerpt":{"rendered":"<p>El grupo Carta na Manga, nacido en Mogi das Cruzes en el Gran S\u00e3o Paulo, propone una mixtura entre la canci\u00f3n contempor\u00e1nea y la m\u00fasica tradicional popular, llevando al p\u00fablico a un viaje por el universo de la enorme diversidad r\u00edtmica de Brasil y por la profunda experiencia de la poes\u00eda de la lengua portuguesa [&hellip;]<\/p>\n","protected":false},"author":1,"featured_media":7579,"comment_status":"closed","ping_status":"closed","sticky":false,"template":"","format":"standard","meta":{"footnotes":""},"categories":[53],"tags":[],"class_list":["post-7578","post","type-post","status-publish","format-standard","has-post-thumbnail","hentry","category-noticias-generales"],"lang":"es","translations":{"es":7578},"pll_sync_post":[],"post_mailing_queue_ids":[],"_links":{"self":[{"href":"http:\/\/staging.ibermusicas.org\/index.php\/wp-json\/wp\/v2\/posts\/7578","targetHints":{"allow":["GET"]}}],"collection":[{"href":"http:\/\/staging.ibermusicas.org\/index.php\/wp-json\/wp\/v2\/posts"}],"about":[{"href":"http:\/\/staging.ibermusicas.org\/index.php\/wp-json\/wp\/v2\/types\/post"}],"author":[{"embeddable":true,"href":"http:\/\/staging.ibermusicas.org\/index.php\/wp-json\/wp\/v2\/users\/1"}],"replies":[{"embeddable":true,"href":"http:\/\/staging.ibermusicas.org\/index.php\/wp-json\/wp\/v2\/comments?post=7578"}],"version-history":[{"count":1,"href":"http:\/\/staging.ibermusicas.org\/index.php\/wp-json\/wp\/v2\/posts\/7578\/revisions"}],"predecessor-version":[{"id":7580,"href":"http:\/\/staging.ibermusicas.org\/index.php\/wp-json\/wp\/v2\/posts\/7578\/revisions\/7580"}],"wp:featuredmedia":[{"embeddable":true,"href":"http:\/\/staging.ibermusicas.org\/index.php\/wp-json\/wp\/v2\/media\/7579"}],"wp:attachment":[{"href":"http:\/\/staging.ibermusicas.org\/index.php\/wp-json\/wp\/v2\/media?parent=7578"}],"wp:term":[{"taxonomy":"category","embeddable":true,"href":"http:\/\/staging.ibermusicas.org\/index.php\/wp-json\/wp\/v2\/categories?post=7578"},{"taxonomy":"post_tag","embeddable":true,"href":"http:\/\/staging.ibermusicas.org\/index.php\/wp-json\/wp\/v2\/tags?post=7578"}],"curies":[{"name":"wp","href":"https:\/\/api.w.org\/{rel}","templated":true}]}}