{"id":7589,"date":"2018-08-18T14:39:02","date_gmt":"2018-08-18T14:39:02","guid":{"rendered":"http:\/\/staging.ibermusicas.org\/?p=7589"},"modified":"2021-07-01T15:31:59","modified_gmt":"2021-07-01T15:31:59","slug":"pedro-martinez-trio-con-su-propuesta-de-musica-paraguaya-moderna-y-actual-se-presentara-en-tres-ciudades-de-chile","status":"publish","type":"post","link":"http:\/\/staging.ibermusicas.org\/index.php\/pedro-martinez-trio-con-su-propuesta-de-musica-paraguaya-moderna-y-actual-se-presentara-en-tres-ciudades-de-chile\/","title":{"rendered":"Pedro Mart\u00ednez Tr\u00edo, con su propuesta de m\u00fasica paraguaya moderna y actual, se presentar\u00e1 en tres ciudades de Chile"},"content":{"rendered":"<p><span data-sheets-value=\"{&quot;1&quot;:2,&quot;2&quot;:&quot;Pedro Mart\u00ednez es guitarrista,compositor e investigador paraguayo. Est\u00e1 considerado como uno de los grandes representantes de la nueva generaci\u00f3n de m\u00fasicos de su pa\u00eds que buscan una nueva sonoridad para la m\u00fasica paraguaya.\\r \\r &quot;}\" data-sheets-userformat=\"{&quot;2&quot;:513,&quot;3&quot;:{&quot;1&quot;:0},&quot;12&quot;:0}\">Pedro Mart\u00ednez es guitarrista,compositor e investigador paraguayo. Est\u00e1 considerado como uno de los grandes representantes de la nueva generaci\u00f3n de m\u00fasicos de su pa\u00eds que buscan una nueva sonoridad para la m\u00fasica paraguaya. <\/span><\/p>\n","protected":false},"excerpt":{"rendered":"<p>Pedro Mart\u00ednez es guitarrista,compositor e investigador paraguayo. Est\u00e1 considerado como uno de los grandes representantes de la nueva generaci\u00f3n de m\u00fasicos de su pa\u00eds que buscan una nueva sonoridad para la m\u00fasica paraguaya.<\/p>\n","protected":false},"author":1,"featured_media":7590,"comment_status":"closed","ping_status":"closed","sticky":false,"template":"","format":"standard","meta":{"footnotes":""},"categories":[53],"tags":[],"class_list":["post-7589","post","type-post","status-publish","format-standard","has-post-thumbnail","hentry","category-noticias-generales"],"lang":"es","translations":{"es":7589},"pll_sync_post":[],"post_mailing_queue_ids":[],"_links":{"self":[{"href":"http:\/\/staging.ibermusicas.org\/index.php\/wp-json\/wp\/v2\/posts\/7589","targetHints":{"allow":["GET"]}}],"collection":[{"href":"http:\/\/staging.ibermusicas.org\/index.php\/wp-json\/wp\/v2\/posts"}],"about":[{"href":"http:\/\/staging.ibermusicas.org\/index.php\/wp-json\/wp\/v2\/types\/post"}],"author":[{"embeddable":true,"href":"http:\/\/staging.ibermusicas.org\/index.php\/wp-json\/wp\/v2\/users\/1"}],"replies":[{"embeddable":true,"href":"http:\/\/staging.ibermusicas.org\/index.php\/wp-json\/wp\/v2\/comments?post=7589"}],"version-history":[{"count":1,"href":"http:\/\/staging.ibermusicas.org\/index.php\/wp-json\/wp\/v2\/posts\/7589\/revisions"}],"predecessor-version":[{"id":7591,"href":"http:\/\/staging.ibermusicas.org\/index.php\/wp-json\/wp\/v2\/posts\/7589\/revisions\/7591"}],"wp:featuredmedia":[{"embeddable":true,"href":"http:\/\/staging.ibermusicas.org\/index.php\/wp-json\/wp\/v2\/media\/7590"}],"wp:attachment":[{"href":"http:\/\/staging.ibermusicas.org\/index.php\/wp-json\/wp\/v2\/media?parent=7589"}],"wp:term":[{"taxonomy":"category","embeddable":true,"href":"http:\/\/staging.ibermusicas.org\/index.php\/wp-json\/wp\/v2\/categories?post=7589"},{"taxonomy":"post_tag","embeddable":true,"href":"http:\/\/staging.ibermusicas.org\/index.php\/wp-json\/wp\/v2\/tags?post=7589"}],"curies":[{"name":"wp","href":"https:\/\/api.w.org\/{rel}","templated":true}]}}