{"id":7595,"date":"2018-10-14T15:34:14","date_gmt":"2018-10-14T15:34:14","guid":{"rendered":"http:\/\/staging.ibermusicas.org\/?p=7595"},"modified":"2021-07-01T15:35:23","modified_gmt":"2021-07-01T15:35:23","slug":"desde-mexico-la-agrupacion-cana-dulce-y-cana-brava-lleva-el-son-jarocho-a-la-undecima-edicion-del-festival-mundial-del-arpa-de-asuncion-del-paraguay","status":"publish","type":"post","link":"http:\/\/staging.ibermusicas.org\/index.php\/desde-mexico-la-agrupacion-cana-dulce-y-cana-brava-lleva-el-son-jarocho-a-la-undecima-edicion-del-festival-mundial-del-arpa-de-asuncion-del-paraguay\/","title":{"rendered":"Desde M\u00e9xico, la agrupaci\u00f3n Ca\u00f1a Dulce y Ca\u00f1a Brava lleva el Son Jarocho a la und\u00e9cima edici\u00f3n del Festival Mundial del Arpa de Asunci\u00f3n del Paraguay"},"content":{"rendered":"<p><span data-sheets-value=\"{&quot;1&quot;:2,&quot;2&quot;:&quot;Ca\u00f1a Dulce y Ca\u00f1a Brava es una agrupaci\u00f3n de Son Jarocho, m\u00fasica tradicional del sur de M\u00e9xico que fusiona elementos espa\u00f1oles, ind\u00edgenas y africanos en m\u00fasica y poes\u00eda. Desde sus inicios, el grupo ha sido marcado por la fuerza y belleza de una propuesta en su mayor\u00eda integrada y liderada por mujeres. &quot;}\" data-sheets-userformat=\"{&quot;2&quot;:513,&quot;3&quot;:{&quot;1&quot;:0},&quot;12&quot;:0}\">Ca\u00f1a Dulce y Ca\u00f1a Brava es una agrupaci\u00f3n de Son Jarocho, m\u00fasica tradicional del sur de M\u00e9xico que fusiona elementos espa\u00f1oles, ind\u00edgenas y africanos en m\u00fasica y poes\u00eda. Desde sus inicios, el grupo ha sido marcado por la fuerza y belleza de una propuesta en su mayor\u00eda integrada y liderada por mujeres. <\/span><\/p>\n","protected":false},"excerpt":{"rendered":"<p>Ca\u00f1a Dulce y Ca\u00f1a Brava es una agrupaci\u00f3n de Son Jarocho, m\u00fasica tradicional del sur de M\u00e9xico que fusiona elementos espa\u00f1oles, ind\u00edgenas y africanos en m\u00fasica y poes\u00eda. Desde sus inicios, el grupo ha sido marcado por la fuerza y belleza de una propuesta en su mayor\u00eda integrada y liderada por mujeres.<\/p>\n","protected":false},"author":1,"featured_media":7596,"comment_status":"closed","ping_status":"closed","sticky":false,"template":"","format":"standard","meta":{"footnotes":""},"categories":[53],"tags":[],"class_list":["post-7595","post","type-post","status-publish","format-standard","has-post-thumbnail","hentry","category-noticias-generales"],"lang":"es","translations":{"es":7595},"pll_sync_post":[],"post_mailing_queue_ids":[],"_links":{"self":[{"href":"http:\/\/staging.ibermusicas.org\/index.php\/wp-json\/wp\/v2\/posts\/7595","targetHints":{"allow":["GET"]}}],"collection":[{"href":"http:\/\/staging.ibermusicas.org\/index.php\/wp-json\/wp\/v2\/posts"}],"about":[{"href":"http:\/\/staging.ibermusicas.org\/index.php\/wp-json\/wp\/v2\/types\/post"}],"author":[{"embeddable":true,"href":"http:\/\/staging.ibermusicas.org\/index.php\/wp-json\/wp\/v2\/users\/1"}],"replies":[{"embeddable":true,"href":"http:\/\/staging.ibermusicas.org\/index.php\/wp-json\/wp\/v2\/comments?post=7595"}],"version-history":[{"count":1,"href":"http:\/\/staging.ibermusicas.org\/index.php\/wp-json\/wp\/v2\/posts\/7595\/revisions"}],"predecessor-version":[{"id":7597,"href":"http:\/\/staging.ibermusicas.org\/index.php\/wp-json\/wp\/v2\/posts\/7595\/revisions\/7597"}],"wp:featuredmedia":[{"embeddable":true,"href":"http:\/\/staging.ibermusicas.org\/index.php\/wp-json\/wp\/v2\/media\/7596"}],"wp:attachment":[{"href":"http:\/\/staging.ibermusicas.org\/index.php\/wp-json\/wp\/v2\/media?parent=7595"}],"wp:term":[{"taxonomy":"category","embeddable":true,"href":"http:\/\/staging.ibermusicas.org\/index.php\/wp-json\/wp\/v2\/categories?post=7595"},{"taxonomy":"post_tag","embeddable":true,"href":"http:\/\/staging.ibermusicas.org\/index.php\/wp-json\/wp\/v2\/tags?post=7595"}],"curies":[{"name":"wp","href":"https:\/\/api.w.org\/{rel}","templated":true}]}}