{"id":7601,"date":"2018-10-18T15:36:56","date_gmt":"2018-10-18T15:36:56","guid":{"rendered":"http:\/\/staging.ibermusicas.org\/?p=7601"},"modified":"2021-07-01T15:38:02","modified_gmt":"2021-07-01T15:38:02","slug":"el-percusionista-colombiano-daniel-duque-velasquez-viaja-a-cuba-para-realizar-un-concierto-en-el-teatro-nacional-de-la-habana-cuba","status":"publish","type":"post","link":"http:\/\/staging.ibermusicas.org\/index.php\/el-percusionista-colombiano-daniel-duque-velasquez-viaja-a-cuba-para-realizar-un-concierto-en-el-teatro-nacional-de-la-habana-cuba\/","title":{"rendered":"El percusionista colombiano Daniel Duque Velasquez viaja a Cuba para realizar un concierto en el Teatro Nacional de La Habana, Cuba"},"content":{"rendered":"<p><span data-sheets-value=\"{&quot;1&quot;:2,&quot;2&quot;:&quot;\u201cSoy un percusionista sinf\u00f3nico, sin embargo, me gusta mucho la percusi\u00f3n popular porque hay mucha m\u00fasica hermosa y variada\u201d, asegura Daniel Duque quien con estas palabras sintetiza su modo de encarar la diversidad de lenguajes que despliega en su m\u00fasica. &quot;}\" data-sheets-userformat=\"{&quot;2&quot;:513,&quot;3&quot;:{&quot;1&quot;:0},&quot;12&quot;:0}\">\u201cSoy un percusionista sinf\u00f3nico, sin embargo, me gusta mucho la percusi\u00f3n popular porque hay mucha m\u00fasica hermosa y variada\u201d, asegura Daniel Duque quien con estas palabras sintetiza su modo de encarar la diversidad de lenguajes que despliega en su m\u00fasica. <\/span><\/p>\n","protected":false},"excerpt":{"rendered":"<p>\u201cSoy un percusionista sinf\u00f3nico, sin embargo, me gusta mucho la percusi\u00f3n popular porque hay mucha m\u00fasica hermosa y variada\u201d, asegura Daniel Duque quien con estas palabras sintetiza su modo de encarar la diversidad de lenguajes que despliega en su m\u00fasica.<\/p>\n","protected":false},"author":1,"featured_media":7602,"comment_status":"closed","ping_status":"closed","sticky":false,"template":"","format":"standard","meta":{"footnotes":""},"categories":[53],"tags":[],"class_list":["post-7601","post","type-post","status-publish","format-standard","has-post-thumbnail","hentry","category-noticias-generales"],"lang":"es","translations":{"es":7601},"pll_sync_post":[],"post_mailing_queue_ids":[],"_links":{"self":[{"href":"http:\/\/staging.ibermusicas.org\/index.php\/wp-json\/wp\/v2\/posts\/7601","targetHints":{"allow":["GET"]}}],"collection":[{"href":"http:\/\/staging.ibermusicas.org\/index.php\/wp-json\/wp\/v2\/posts"}],"about":[{"href":"http:\/\/staging.ibermusicas.org\/index.php\/wp-json\/wp\/v2\/types\/post"}],"author":[{"embeddable":true,"href":"http:\/\/staging.ibermusicas.org\/index.php\/wp-json\/wp\/v2\/users\/1"}],"replies":[{"embeddable":true,"href":"http:\/\/staging.ibermusicas.org\/index.php\/wp-json\/wp\/v2\/comments?post=7601"}],"version-history":[{"count":1,"href":"http:\/\/staging.ibermusicas.org\/index.php\/wp-json\/wp\/v2\/posts\/7601\/revisions"}],"predecessor-version":[{"id":7603,"href":"http:\/\/staging.ibermusicas.org\/index.php\/wp-json\/wp\/v2\/posts\/7601\/revisions\/7603"}],"wp:featuredmedia":[{"embeddable":true,"href":"http:\/\/staging.ibermusicas.org\/index.php\/wp-json\/wp\/v2\/media\/7602"}],"wp:attachment":[{"href":"http:\/\/staging.ibermusicas.org\/index.php\/wp-json\/wp\/v2\/media?parent=7601"}],"wp:term":[{"taxonomy":"category","embeddable":true,"href":"http:\/\/staging.ibermusicas.org\/index.php\/wp-json\/wp\/v2\/categories?post=7601"},{"taxonomy":"post_tag","embeddable":true,"href":"http:\/\/staging.ibermusicas.org\/index.php\/wp-json\/wp\/v2\/tags?post=7601"}],"curies":[{"name":"wp","href":"https:\/\/api.w.org\/{rel}","templated":true}]}}