{"id":7607,"date":"2018-08-30T15:39:22","date_gmt":"2018-08-30T15:39:22","guid":{"rendered":"http:\/\/staging.ibermusicas.org\/?p=7607"},"modified":"2021-07-01T15:40:50","modified_gmt":"2021-07-01T15:40:50","slug":"el-circulo-colombiano-de-musica-contemporanea-estrena-la-obra-compuesta-por-el-maestro-mexicano-victor-ibarra-en-el-marco-de-su-residencia-artistica","status":"publish","type":"post","link":"http:\/\/staging.ibermusicas.org\/index.php\/el-circulo-colombiano-de-musica-contemporanea-estrena-la-obra-compuesta-por-el-maestro-mexicano-victor-ibarra-en-el-marco-de-su-residencia-artistica\/","title":{"rendered":"El C\u00edrculo Colombiano de M\u00fasica Contempor\u00e1nea estrena la obra compuesta por el maestro mexicano V\u00edctor Ibarra en el marco de su residencia art\u00edstica"},"content":{"rendered":"<p><span data-sheets-value=\"{&quot;1&quot;:2,&quot;2&quot;:&quot;El CCMC no se plantea como una asociaci\u00f3n de compositores, sino que busca reunir a todo tipo de interesados en el campo de la composici\u00f3n (int\u00e9rpretes, compositores, directores, gestores, periodistas, investigadores, aficionados, etc.). El concepto aglutinador es el inter\u00e9s com\u00fan en el estudio, fomento y difusi\u00f3n de la m\u00fasica contempor\u00e1nea en Colombia.\\r &quot;}\" data-sheets-userformat=\"{&quot;2&quot;:513,&quot;3&quot;:{&quot;1&quot;:0},&quot;12&quot;:0}\">El CCMC no se plantea como una asociaci\u00f3n de compositores, sino que busca reunir a todo tipo de interesados en el campo de la composici\u00f3n (int\u00e9rpretes, compositores, directores, gestores, periodistas, investigadores, aficionados, etc.). El concepto aglutinador es el inter\u00e9s com\u00fan en el estudio, fomento y difusi\u00f3n de la m\u00fasica contempor\u00e1nea en Colombia. <\/span><\/p>\n","protected":false},"excerpt":{"rendered":"<p>El CCMC no se plantea como una asociaci\u00f3n de compositores, sino que busca reunir a todo tipo de interesados en el campo de la composici\u00f3n (int\u00e9rpretes, compositores, directores, gestores, periodistas, investigadores, aficionados, etc.). El concepto aglutinador es el inter\u00e9s com\u00fan en el estudio, fomento y difusi\u00f3n de la m\u00fasica contempor\u00e1nea en Colombia.<\/p>\n","protected":false},"author":1,"featured_media":7608,"comment_status":"closed","ping_status":"closed","sticky":false,"template":"","format":"standard","meta":{"footnotes":""},"categories":[53],"tags":[],"class_list":["post-7607","post","type-post","status-publish","format-standard","has-post-thumbnail","hentry","category-noticias-generales"],"lang":"es","translations":{"es":7607},"pll_sync_post":[],"post_mailing_queue_ids":[],"_links":{"self":[{"href":"http:\/\/staging.ibermusicas.org\/index.php\/wp-json\/wp\/v2\/posts\/7607","targetHints":{"allow":["GET"]}}],"collection":[{"href":"http:\/\/staging.ibermusicas.org\/index.php\/wp-json\/wp\/v2\/posts"}],"about":[{"href":"http:\/\/staging.ibermusicas.org\/index.php\/wp-json\/wp\/v2\/types\/post"}],"author":[{"embeddable":true,"href":"http:\/\/staging.ibermusicas.org\/index.php\/wp-json\/wp\/v2\/users\/1"}],"replies":[{"embeddable":true,"href":"http:\/\/staging.ibermusicas.org\/index.php\/wp-json\/wp\/v2\/comments?post=7607"}],"version-history":[{"count":1,"href":"http:\/\/staging.ibermusicas.org\/index.php\/wp-json\/wp\/v2\/posts\/7607\/revisions"}],"predecessor-version":[{"id":7609,"href":"http:\/\/staging.ibermusicas.org\/index.php\/wp-json\/wp\/v2\/posts\/7607\/revisions\/7609"}],"wp:featuredmedia":[{"embeddable":true,"href":"http:\/\/staging.ibermusicas.org\/index.php\/wp-json\/wp\/v2\/media\/7608"}],"wp:attachment":[{"href":"http:\/\/staging.ibermusicas.org\/index.php\/wp-json\/wp\/v2\/media?parent=7607"}],"wp:term":[{"taxonomy":"category","embeddable":true,"href":"http:\/\/staging.ibermusicas.org\/index.php\/wp-json\/wp\/v2\/categories?post=7607"},{"taxonomy":"post_tag","embeddable":true,"href":"http:\/\/staging.ibermusicas.org\/index.php\/wp-json\/wp\/v2\/tags?post=7607"}],"curies":[{"name":"wp","href":"https:\/\/api.w.org\/{rel}","templated":true}]}}