{"id":7610,"date":"2018-09-15T15:46:47","date_gmt":"2018-09-15T15:46:47","guid":{"rendered":"http:\/\/staging.ibermusicas.org\/?p=7610"},"modified":"2021-07-01T15:47:54","modified_gmt":"2021-07-01T15:47:54","slug":"en-septiembre-el-abrazo-cumbiero-realiza-su-gran-festival-en-buenos-aires-argentina-con-la-presencia-de-la-orquesta-chilena-chico-trujillo","status":"publish","type":"post","link":"http:\/\/staging.ibermusicas.org\/index.php\/en-septiembre-el-abrazo-cumbiero-realiza-su-gran-festival-en-buenos-aires-argentina-con-la-presencia-de-la-orquesta-chilena-chico-trujillo\/","title":{"rendered":"En septiembre El Abrazo Cumbiero realiza su gran festival en Buenos Aires, Argentina con la presencia de la Orquesta Chilena Chico Trujillo"},"content":{"rendered":"<p><span data-sheets-value=\"{&quot;1&quot;:2,&quot;2&quot;:&quot;El Abrazo Cumbiero es un movimiento de m\u00fasicos, artistas y gestores culturales independientes que trabajan desde el a\u00f1o 2014 con el objetivo de visibilizar y fortalecer la escena de la cumbia emergente en Argentina y Latinoam\u00e9rica. &quot;}\" data-sheets-userformat=\"{&quot;2&quot;:513,&quot;3&quot;:{&quot;1&quot;:0},&quot;12&quot;:0}\">El Abrazo Cumbiero es un movimiento de m\u00fasicos, artistas y gestores culturales independientes que trabajan desde el a\u00f1o 2014 con el objetivo de visibilizar y fortalecer la escena de la cumbia emergente en Argentina y Latinoam\u00e9rica. <\/span><\/p>\n","protected":false},"excerpt":{"rendered":"<p>El Abrazo Cumbiero es un movimiento de m\u00fasicos, artistas y gestores culturales independientes que trabajan desde el a\u00f1o 2014 con el objetivo de visibilizar y fortalecer la escena de la cumbia emergente en Argentina y Latinoam\u00e9rica.<\/p>\n","protected":false},"author":1,"featured_media":7611,"comment_status":"closed","ping_status":"closed","sticky":false,"template":"","format":"standard","meta":{"footnotes":""},"categories":[53],"tags":[],"class_list":["post-7610","post","type-post","status-publish","format-standard","has-post-thumbnail","hentry","category-noticias-generales"],"lang":"es","translations":{"es":7610},"pll_sync_post":[],"post_mailing_queue_ids":[],"_links":{"self":[{"href":"http:\/\/staging.ibermusicas.org\/index.php\/wp-json\/wp\/v2\/posts\/7610","targetHints":{"allow":["GET"]}}],"collection":[{"href":"http:\/\/staging.ibermusicas.org\/index.php\/wp-json\/wp\/v2\/posts"}],"about":[{"href":"http:\/\/staging.ibermusicas.org\/index.php\/wp-json\/wp\/v2\/types\/post"}],"author":[{"embeddable":true,"href":"http:\/\/staging.ibermusicas.org\/index.php\/wp-json\/wp\/v2\/users\/1"}],"replies":[{"embeddable":true,"href":"http:\/\/staging.ibermusicas.org\/index.php\/wp-json\/wp\/v2\/comments?post=7610"}],"version-history":[{"count":1,"href":"http:\/\/staging.ibermusicas.org\/index.php\/wp-json\/wp\/v2\/posts\/7610\/revisions"}],"predecessor-version":[{"id":7612,"href":"http:\/\/staging.ibermusicas.org\/index.php\/wp-json\/wp\/v2\/posts\/7610\/revisions\/7612"}],"wp:featuredmedia":[{"embeddable":true,"href":"http:\/\/staging.ibermusicas.org\/index.php\/wp-json\/wp\/v2\/media\/7611"}],"wp:attachment":[{"href":"http:\/\/staging.ibermusicas.org\/index.php\/wp-json\/wp\/v2\/media?parent=7610"}],"wp:term":[{"taxonomy":"category","embeddable":true,"href":"http:\/\/staging.ibermusicas.org\/index.php\/wp-json\/wp\/v2\/categories?post=7610"},{"taxonomy":"post_tag","embeddable":true,"href":"http:\/\/staging.ibermusicas.org\/index.php\/wp-json\/wp\/v2\/tags?post=7610"}],"curies":[{"name":"wp","href":"https:\/\/api.w.org\/{rel}","templated":true}]}}